{"id":2252,"date":"2019-03-08T09:29:34","date_gmt":"2019-03-08T08:29:34","guid":{"rendered":"http:\/\/agora.xtec.cat\/escolacampclar\/?p=2252"},"modified":"2019-03-11T14:57:11","modified_gmt":"2019-03-11T13:57:11","slug":"presentem-la-siei","status":"publish","type":"post","link":"https:\/\/agora.xtec.cat\/escolacampclar\/general\/presentem-la-siei\/","title":{"rendered":"Presentem la SIEI"},"content":{"rendered":"<p>Aquesta setmana hem participat a una jornada sobre les SIEI amb altres escoles on s&#8217;ha implantat recentment i tamb\u00e9 algunes on ja fa alguns anys que hi treballen.<\/p>\n<p>Vam presentar i explicar la nostra experi\u00e8ncia amb la SIEI, com hem organitzat aquesta nova disposici\u00f3 i quin \u00fas li hem donat als nous recursos. Hem pogut escoltar altres experi\u00e8ncies i compartir d&#8217;aquesta manera aprenentatges entre iguals.<\/p>\n<p><a href=\"https:\/\/docs.google.com\/presentation\/d\/1IrmYjDmbAb4jr8Eux5-0HwKObBwFBO3VLoj_i3cEJs0\/edit?usp=sharing\">Aqu\u00ed teniu un enlla\u00e7 per poder veure la presentaci\u00f3 que vam fer.<\/a><\/p>\n","protected":false},"excerpt":{"rendered":"<p>Aquesta setmana hem participat a una jornada sobre les SIEI amb altres escoles on s&#8217;ha implantat recentment i tamb\u00e9 algunes on ja fa alguns anys que hi treballen.<br \/>\nVam presentar i explicar la nostra experi\u00e8ncia amb la SIEI, com hem organitzat aquesta nova disposici\u00f3 i quin&hellip;  <a href=\"https:\/\/agora.xtec.cat\/escolacampclar\/general\/presentem-la-siei\/\" title=\"Read Presentem la SIEI\">Llegeix m\u00e9s\u00bb<\/a><\/p>\n","protected":false},"author":14,"featured_media":2253,"comment_status":"open","ping_status":"closed","sticky":false,"template":"","format":"standard","meta":{"_bbp_topic_count":0,"_bbp_reply_count":0,"_bbp_total_topic_count":0,"_bbp_total_reply_count":0,"_bbp_voice_count":0,"_bbp_anonymous_reply_count":0,"_bbp_topic_count_hidden":0,"_bbp_reply_count_hidden":0,"_bbp_forum_subforum_count":0,"footnotes":""},"categories":[1],"tags":[44,328,327],"class_list":["post-2252","post","type-post","status-publish","format-standard","has-post-thumbnail","hentry","category-general","tag-escola-campclar","tag-inclusio","tag-siei"],"post_mailing_queue_ids":[],"_links":{"self":[{"href":"https:\/\/agora.xtec.cat\/escolacampclar\/wp-json\/wp\/v2\/posts\/2252","targetHints":{"allow":["GET"]}}],"collection":[{"href":"https:\/\/agora.xtec.cat\/escolacampclar\/wp-json\/wp\/v2\/posts"}],"about":[{"href":"https:\/\/agora.xtec.cat\/escolacampclar\/wp-json\/wp\/v2\/types\/post"}],"author":[{"embeddable":true,"href":"https:\/\/agora.xtec.cat\/escolacampclar\/wp-json\/wp\/v2\/users\/14"}],"replies":[{"embeddable":true,"href":"https:\/\/agora.xtec.cat\/escolacampclar\/wp-json\/wp\/v2\/comments?post=2252"}],"version-history":[{"count":2,"href":"https:\/\/agora.xtec.cat\/escolacampclar\/wp-json\/wp\/v2\/posts\/2252\/revisions"}],"predecessor-version":[{"id":2255,"href":"https:\/\/agora.xtec.cat\/escolacampclar\/wp-json\/wp\/v2\/posts\/2252\/revisions\/2255"}],"wp:featuredmedia":[{"embeddable":true,"href":"https:\/\/agora.xtec.cat\/escolacampclar\/wp-json\/wp\/v2\/media\/2253"}],"wp:attachment":[{"href":"https:\/\/agora.xtec.cat\/escolacampclar\/wp-json\/wp\/v2\/media?parent=2252"}],"wp:term":[{"taxonomy":"category","embeddable":true,"href":"https:\/\/agora.xtec.cat\/escolacampclar\/wp-json\/wp\/v2\/categories?post=2252"},{"taxonomy":"post_tag","embeddable":true,"href":"https:\/\/agora.xtec.cat\/escolacampclar\/wp-json\/wp\/v2\/tags?post=2252"}],"curies":[{"name":"wp","href":"https:\/\/api.w.org\/{rel}","templated":true}]}}