{"id":2249,"date":"2019-03-08T09:22:58","date_gmt":"2019-03-08T08:22:58","guid":{"rendered":"http:\/\/agora.xtec.cat\/escolacampclar\/?p=2249"},"modified":"2019-03-08T09:22:58","modified_gmt":"2019-03-08T08:22:58","slug":"medutarraco19","status":"publish","type":"post","link":"https:\/\/agora.xtec.cat\/escolacampclar\/general\/medutarraco19\/","title":{"rendered":"meduTarraco19"},"content":{"rendered":"<p>El dimecres vam participar de la jornada meduTarraco10 a Tarragona. \u00c9s el segon any que anem i aquest cop va ser amb els alumnes de cinqu\u00e8. Ens vam dividir en 6 grups i acompanyats per un mestre haviem de rec\u00f2rrer la part alta de Tarragona utilitzant una app de geolocalitzaci\u00f3 i anar trobant uns punts i resolent algunes preguntes per aconseguir punts. Alhora hi havia uns codis QR que escanejant ens don\u00e0ven pistes per descobrir un personatge misteri\u00f3s.<\/p>\n<p>La jornada va ser un \u00e8xit tot i que alguns grups van tenir problemes amb l&#8217;app i els va dificultar poder realitzar l&#8217;activitat durant tot el mat\u00ed.<\/p>\n<p><a href=\"https:\/\/drive.google.com\/open?id=10F4-MIFvMvuet91N2D2cg6ds9lpW9Kxj\">Clica aqu\u00ed<\/a> per veure algunes imatges o segueix els nostres comptes d&#8217;instagram per veure que vam publicar.<\/p>\n","protected":false},"excerpt":{"rendered":"<p>El dimecres vam participar de la jornada meduTarraco10 a Tarragona. \u00c9s el segon any que anem i aquest cop va ser amb els alumnes de cinqu\u00e8. Ens vam dividir en 6 grups i acompanyats per un mestre haviem de rec\u00f2rrer la part alta de Tarragona&hellip;  <a href=\"https:\/\/agora.xtec.cat\/escolacampclar\/general\/medutarraco19\/\" title=\"Read meduTarraco19\">Llegeix m\u00e9s\u00bb<\/a><\/p>\n","protected":false},"author":14,"featured_media":2250,"comment_status":"open","ping_status":"closed","sticky":false,"template":"","format":"standard","meta":{"_bbp_topic_count":0,"_bbp_reply_count":0,"_bbp_total_topic_count":0,"_bbp_total_reply_count":0,"_bbp_voice_count":0,"_bbp_anonymous_reply_count":0,"_bbp_topic_count_hidden":0,"_bbp_reply_count_hidden":0,"_bbp_forum_subforum_count":0,"footnotes":""},"categories":[26,1],"tags":[34,325,326,140],"class_list":["post-2249","post","type-post","status-publish","format-standard","has-post-thumbnail","hentry","category-cicle-superior","category-general","tag-campclar","tag-medutarraco","tag-medutarraco19","tag-mobile-learning"],"post_mailing_queue_ids":[],"_links":{"self":[{"href":"https:\/\/agora.xtec.cat\/escolacampclar\/wp-json\/wp\/v2\/posts\/2249","targetHints":{"allow":["GET"]}}],"collection":[{"href":"https:\/\/agora.xtec.cat\/escolacampclar\/wp-json\/wp\/v2\/posts"}],"about":[{"href":"https:\/\/agora.xtec.cat\/escolacampclar\/wp-json\/wp\/v2\/types\/post"}],"author":[{"embeddable":true,"href":"https:\/\/agora.xtec.cat\/escolacampclar\/wp-json\/wp\/v2\/users\/14"}],"replies":[{"embeddable":true,"href":"https:\/\/agora.xtec.cat\/escolacampclar\/wp-json\/wp\/v2\/comments?post=2249"}],"version-history":[{"count":1,"href":"https:\/\/agora.xtec.cat\/escolacampclar\/wp-json\/wp\/v2\/posts\/2249\/revisions"}],"predecessor-version":[{"id":2251,"href":"https:\/\/agora.xtec.cat\/escolacampclar\/wp-json\/wp\/v2\/posts\/2249\/revisions\/2251"}],"wp:featuredmedia":[{"embeddable":true,"href":"https:\/\/agora.xtec.cat\/escolacampclar\/wp-json\/wp\/v2\/media\/2250"}],"wp:attachment":[{"href":"https:\/\/agora.xtec.cat\/escolacampclar\/wp-json\/wp\/v2\/media?parent=2249"}],"wp:term":[{"taxonomy":"category","embeddable":true,"href":"https:\/\/agora.xtec.cat\/escolacampclar\/wp-json\/wp\/v2\/categories?post=2249"},{"taxonomy":"post_tag","embeddable":true,"href":"https:\/\/agora.xtec.cat\/escolacampclar\/wp-json\/wp\/v2\/tags?post=2249"}],"curies":[{"name":"wp","href":"https:\/\/api.w.org\/{rel}","templated":true}]}}