{"id":2246,"date":"2019-03-01T13:17:33","date_gmt":"2019-03-01T12:17:33","guid":{"rendered":"http:\/\/agora.xtec.cat\/escolacampclar\/?p=2246"},"modified":"2019-03-07T13:33:56","modified_gmt":"2019-03-07T12:33:56","slug":"curs-dhabilitats-parentals-2","status":"publish","type":"post","link":"https:\/\/agora.xtec.cat\/escolacampclar\/general\/curs-dhabilitats-parentals-2\/","title":{"rendered":"Curs d&#8217;habilitats parentals"},"content":{"rendered":"<p>Aquesta setmana, les mares i pares que han assistit al curs d&#8217;habilitats parentals, han rebut un diploma on acredita que han realitzat el curs, durant la cloenda han tret conclusions del curs i han explicat les seves sensacions i experi\u00e8ncies de les estrat\u00e8gies d&#8217;educaci\u00f3 i conviv\u00e8ncia apreses durant el curs, activitats que han pogut aplicar a casa i els hi ha funcionat.<\/p>\n<p>Han estat berenant amb els alumnes i xerrant una estona mentre rebien el diploma.<\/p>\n<p><a href=\"https:\/\/drive.google.com\/open?id=1rJXFrNaroF-oUtQQFSAPdpKXgx5_kvLF\">Fotos de les fam\u00edlies<\/a><\/p>\n","protected":false},"excerpt":{"rendered":"<p>Aquesta setmana, les mares i pares que han assistit al curs d&#8217;habilitats parentals, han rebut un diploma on acredita que han realitzat el curs, durant la cloenda han tret conclusions del curs i han explicat les seves sensacions i experi\u00e8ncies de les estrat\u00e8gies d&#8217;educaci\u00f3 i&hellip;  <a href=\"https:\/\/agora.xtec.cat\/escolacampclar\/general\/curs-dhabilitats-parentals-2\/\" title=\"Read Curs d&#8217;habilitats parentals\">Llegeix m\u00e9s\u00bb<\/a><\/p>\n","protected":false},"author":15,"featured_media":2247,"comment_status":"open","ping_status":"closed","sticky":false,"template":"","format":"standard","meta":{"_bbp_topic_count":0,"_bbp_reply_count":0,"_bbp_total_topic_count":0,"_bbp_total_reply_count":0,"_bbp_voice_count":0,"_bbp_anonymous_reply_count":0,"_bbp_topic_count_hidden":0,"_bbp_reply_count_hidden":0,"_bbp_forum_subforum_count":0,"footnotes":""},"categories":[24,1],"tags":[34,36,280],"class_list":["post-2246","post","type-post","status-publish","format-standard","has-post-thumbnail","hentry","category-cicle-inicial","category-general","tag-campclar","tag-cicle-inicial","tag-habilitats-parentals"],"post_mailing_queue_ids":[],"_links":{"self":[{"href":"https:\/\/agora.xtec.cat\/escolacampclar\/wp-json\/wp\/v2\/posts\/2246","targetHints":{"allow":["GET"]}}],"collection":[{"href":"https:\/\/agora.xtec.cat\/escolacampclar\/wp-json\/wp\/v2\/posts"}],"about":[{"href":"https:\/\/agora.xtec.cat\/escolacampclar\/wp-json\/wp\/v2\/types\/post"}],"author":[{"embeddable":true,"href":"https:\/\/agora.xtec.cat\/escolacampclar\/wp-json\/wp\/v2\/users\/15"}],"replies":[{"embeddable":true,"href":"https:\/\/agora.xtec.cat\/escolacampclar\/wp-json\/wp\/v2\/comments?post=2246"}],"version-history":[{"count":1,"href":"https:\/\/agora.xtec.cat\/escolacampclar\/wp-json\/wp\/v2\/posts\/2246\/revisions"}],"predecessor-version":[{"id":2248,"href":"https:\/\/agora.xtec.cat\/escolacampclar\/wp-json\/wp\/v2\/posts\/2246\/revisions\/2248"}],"wp:featuredmedia":[{"embeddable":true,"href":"https:\/\/agora.xtec.cat\/escolacampclar\/wp-json\/wp\/v2\/media\/2247"}],"wp:attachment":[{"href":"https:\/\/agora.xtec.cat\/escolacampclar\/wp-json\/wp\/v2\/media?parent=2246"}],"wp:term":[{"taxonomy":"category","embeddable":true,"href":"https:\/\/agora.xtec.cat\/escolacampclar\/wp-json\/wp\/v2\/categories?post=2246"},{"taxonomy":"post_tag","embeddable":true,"href":"https:\/\/agora.xtec.cat\/escolacampclar\/wp-json\/wp\/v2\/tags?post=2246"}],"curies":[{"name":"wp","href":"https:\/\/api.w.org\/{rel}","templated":true}]}}