{"id":2233,"date":"2019-02-25T14:01:01","date_gmt":"2019-02-25T13:01:01","guid":{"rendered":"http:\/\/agora.xtec.cat\/escolacampclar\/?p=2233"},"modified":"2019-02-25T14:01:01","modified_gmt":"2019-02-25T13:01:01","slug":"visitem-la-ludoteca","status":"publish","type":"post","link":"https:\/\/agora.xtec.cat\/escolacampclar\/general\/visitem-la-ludoteca\/","title":{"rendered":"Visitem la ludoteca"},"content":{"rendered":"<p>Els alumnes d&#8217;infantil de l&#8217;escola hem anat a visitar la ludoteca del centre c\u00edvic del barri de Torreforta. Ens agrada molt anar a jugar a aquest espai. El centre c\u00edvic ens facilita moltes activitats i ens fa feli\u00e7os poder anar i jugar i aprendre all\u00ed.<\/p>\n<p><a href=\"https:\/\/drive.google.com\/open?id=1-WQcip9erpG88d8_VQBYMddhtUW2Onqv\">clica aqu\u00ed per veure unes imatges.<\/a><\/p>\n","protected":false},"excerpt":{"rendered":"<p>Els alumnes d&#8217;infantil de l&#8217;escola hem anat a visitar la ludoteca del centre c\u00edvic del barri de Torreforta. Ens agrada molt anar a jugar a aquest espai. El centre c\u00edvic ens facilita moltes activitats i ens fa feli\u00e7os poder anar i jugar i aprendre all\u00ed.<br \/>\n<a&hellip;  <a href=\"https:\/\/agora.xtec.cat\/escolacampclar\/general\/visitem-la-ludoteca\/\" title=\"Read Visitem la ludoteca\">Llegeix m\u00e9s\u00bb<\/a><\/p>\n","protected":false},"author":14,"featured_media":2234,"comment_status":"open","ping_status":"closed","sticky":false,"template":"","format":"standard","meta":{"_bbp_topic_count":0,"_bbp_reply_count":0,"_bbp_total_topic_count":0,"_bbp_total_reply_count":0,"_bbp_voice_count":0,"_bbp_anonymous_reply_count":0,"_bbp_topic_count_hidden":0,"_bbp_reply_count_hidden":0,"_bbp_forum_subforum_count":0,"footnotes":""},"categories":[23,59,1],"tags":[73,70,72],"class_list":["post-2233","post","type-post","status-publish","format-standard","has-post-thumbnail","hentry","category-biblioteca","category-infantil","category-general","tag-biblioteca","tag-centre-civic","tag-ludoteca"],"post_mailing_queue_ids":[],"_links":{"self":[{"href":"https:\/\/agora.xtec.cat\/escolacampclar\/wp-json\/wp\/v2\/posts\/2233","targetHints":{"allow":["GET"]}}],"collection":[{"href":"https:\/\/agora.xtec.cat\/escolacampclar\/wp-json\/wp\/v2\/posts"}],"about":[{"href":"https:\/\/agora.xtec.cat\/escolacampclar\/wp-json\/wp\/v2\/types\/post"}],"author":[{"embeddable":true,"href":"https:\/\/agora.xtec.cat\/escolacampclar\/wp-json\/wp\/v2\/users\/14"}],"replies":[{"embeddable":true,"href":"https:\/\/agora.xtec.cat\/escolacampclar\/wp-json\/wp\/v2\/comments?post=2233"}],"version-history":[{"count":1,"href":"https:\/\/agora.xtec.cat\/escolacampclar\/wp-json\/wp\/v2\/posts\/2233\/revisions"}],"predecessor-version":[{"id":2235,"href":"https:\/\/agora.xtec.cat\/escolacampclar\/wp-json\/wp\/v2\/posts\/2233\/revisions\/2235"}],"wp:featuredmedia":[{"embeddable":true,"href":"https:\/\/agora.xtec.cat\/escolacampclar\/wp-json\/wp\/v2\/media\/2234"}],"wp:attachment":[{"href":"https:\/\/agora.xtec.cat\/escolacampclar\/wp-json\/wp\/v2\/media?parent=2233"}],"wp:term":[{"taxonomy":"category","embeddable":true,"href":"https:\/\/agora.xtec.cat\/escolacampclar\/wp-json\/wp\/v2\/categories?post=2233"},{"taxonomy":"post_tag","embeddable":true,"href":"https:\/\/agora.xtec.cat\/escolacampclar\/wp-json\/wp\/v2\/tags?post=2233"}],"curies":[{"name":"wp","href":"https:\/\/api.w.org\/{rel}","templated":true}]}}