{"id":2212,"date":"2019-02-18T16:30:10","date_gmt":"2019-02-18T15:30:10","guid":{"rendered":"http:\/\/agora.xtec.cat\/escolacampclar\/?p=2212"},"modified":"2019-02-18T15:38:18","modified_gmt":"2019-02-18T14:38:18","slug":"guardia-urbana","status":"publish","type":"post","link":"https:\/\/agora.xtec.cat\/escolacampclar\/general\/guardia-urbana\/","title":{"rendered":"Gu\u00e0rdia urbana"},"content":{"rendered":"<p>&nbsp;<\/p>\n<p><a href=\"https:\/\/agora.xtec.cat\/escolacampclar\/wp-content\/uploads\/usu687\/2019\/02\/Collage-2019-02-18-13_42_41.jpg\"><img loading=\"lazy\" decoding=\"async\" class=\"wp-image-2213 aligncenter\" src=\"https:\/\/agora.xtec.cat\/escolacampclar\/wp-content\/uploads\/usu687\/2019\/02\/Collage-2019-02-18-13_42_41-631x1024.jpg\" alt=\"\" width=\"444\" height=\"722\" srcset=\"https:\/\/agora.xtec.cat\/escolacampclar\/wp-content\/uploads\/usu687\/2019\/02\/Collage-2019-02-18-13_42_41-631x1024.jpg 631w, https:\/\/agora.xtec.cat\/escolacampclar\/wp-content\/uploads\/usu687\/2019\/02\/Collage-2019-02-18-13_42_41-185x300.jpg 185w\" sizes=\"auto, (max-width: 444px) 100vw, 444px\" \/><\/a><\/p>\n<p>&nbsp;<\/p>\n<p>El dia 5 de febrer va venir la Gu\u00e0rdia Urbana per realitzar la part pr\u00e0ctica del taller d&#8217;educaci\u00f3 vi\u00e0ria.<\/p>\n<p>Els nens i les nenes es van convertir en policies. Van anar pel barri i van estar observant les coses que estaven ben fetes o mal fetes i si es veia una infracci\u00f3, es realitzava una &#8220;multa&#8221;.<\/p>\n<p>A continuaci\u00f3 es pot observar\u00a0 un recull de <a href=\"https:\/\/drive.google.com\/drive\/folders\/11gcTbk8V9T6dtaMGS0Fuce_5SW9HTr2h?usp=sharing\">fotografies\u00a0<\/a><\/p>\n<p>&nbsp;<\/p>\n","protected":false},"excerpt":{"rendered":"<p>&nbsp;<br \/>\n<a href=\"https:\/\/agora.xtec.cat\/escolacampclar\/wp-content\/uploads\/usu687\/2019\/02\/Collage-2019-02-18-13_42_41.jpg\"><\/a><br \/>\n&nbsp;<br \/>\nEl dia 5 de febrer va venir la Gu\u00e0rdia Urbana per realitzar la part pr\u00e0ctica del taller d&#8217;educaci\u00f3 vi\u00e0ria.<br \/>\nEls nens i les nenes es van convertir en policies. Van anar pel barri i van estar observant les coses que estaven ben fetes o mal&hellip;  <a href=\"https:\/\/agora.xtec.cat\/escolacampclar\/general\/guardia-urbana\/\" title=\"Read Gu\u00e0rdia urbana\">Llegeix m\u00e9s\u00bb<\/a><\/p>\n","protected":false},"author":14,"featured_media":2213,"comment_status":"open","ping_status":"closed","sticky":false,"template":"","format":"standard","meta":{"_bbp_topic_count":0,"_bbp_reply_count":0,"_bbp_total_topic_count":0,"_bbp_total_reply_count":0,"_bbp_voice_count":0,"_bbp_anonymous_reply_count":0,"_bbp_topic_count_hidden":0,"_bbp_reply_count_hidden":0,"_bbp_forum_subforum_count":0,"footnotes":""},"categories":[26,1],"tags":[63,44],"class_list":["post-2212","post","type-post","status-publish","format-standard","has-post-thumbnail","hentry","category-cicle-superior","category-general","tag-cicle-superior","tag-escola-campclar"],"post_mailing_queue_ids":[],"_links":{"self":[{"href":"https:\/\/agora.xtec.cat\/escolacampclar\/wp-json\/wp\/v2\/posts\/2212","targetHints":{"allow":["GET"]}}],"collection":[{"href":"https:\/\/agora.xtec.cat\/escolacampclar\/wp-json\/wp\/v2\/posts"}],"about":[{"href":"https:\/\/agora.xtec.cat\/escolacampclar\/wp-json\/wp\/v2\/types\/post"}],"author":[{"embeddable":true,"href":"https:\/\/agora.xtec.cat\/escolacampclar\/wp-json\/wp\/v2\/users\/14"}],"replies":[{"embeddable":true,"href":"https:\/\/agora.xtec.cat\/escolacampclar\/wp-json\/wp\/v2\/comments?post=2212"}],"version-history":[{"count":3,"href":"https:\/\/agora.xtec.cat\/escolacampclar\/wp-json\/wp\/v2\/posts\/2212\/revisions"}],"predecessor-version":[{"id":2216,"href":"https:\/\/agora.xtec.cat\/escolacampclar\/wp-json\/wp\/v2\/posts\/2212\/revisions\/2216"}],"wp:featuredmedia":[{"embeddable":true,"href":"https:\/\/agora.xtec.cat\/escolacampclar\/wp-json\/wp\/v2\/media\/2213"}],"wp:attachment":[{"href":"https:\/\/agora.xtec.cat\/escolacampclar\/wp-json\/wp\/v2\/media?parent=2212"}],"wp:term":[{"taxonomy":"category","embeddable":true,"href":"https:\/\/agora.xtec.cat\/escolacampclar\/wp-json\/wp\/v2\/categories?post=2212"},{"taxonomy":"post_tag","embeddable":true,"href":"https:\/\/agora.xtec.cat\/escolacampclar\/wp-json\/wp\/v2\/tags?post=2212"}],"curies":[{"name":"wp","href":"https:\/\/api.w.org\/{rel}","templated":true}]}}