{"id":2208,"date":"2019-02-15T10:27:44","date_gmt":"2019-02-15T09:27:44","guid":{"rendered":"http:\/\/agora.xtec.cat\/escolacampclar\/?p=2208"},"modified":"2019-02-15T10:27:44","modified_gmt":"2019-02-15T09:27:44","slug":"roda-de-premsa-amb-fali-i-pol-valentin","status":"publish","type":"post","link":"https:\/\/agora.xtec.cat\/escolacampclar\/general\/roda-de-premsa-amb-fali-i-pol-valentin\/","title":{"rendered":"Roda de premsa amb Fali i Pol Valent\u00edn"},"content":{"rendered":"<p>Genial iniciativa del Club Gimn\u00e0stic de Tarragona, enmarcada en el projecte Junst Creixem, donant-nos l&#8217;oportunitat d&#8217;entrevistar dos grans jugadors com el capit\u00e0 &#8220;Fali&#8221; i en Pol Valent\u00edn.<\/p>\n<p>L&#8217;alumnat de cicle superior es va mostrar motivad\u00edssim preparant les preguntes per a la roda de premsa que vam organitzar al gimn\u00e0s de l&#8217;escola. Des del centre, volem agra\u00efr la predisposici\u00f3 i les ganes dels futbolistes per contestar la cinquantena de preguntes que els hi van fer.<\/p>\n<p>Podem fer una valoraci\u00f3 molt positiva de la jornada i estar\u00edem encantats en tornar a repetir en futures edicions.<\/p>\n<p><a href=\"https:\/\/drive.google.com\/drive\/folders\/1-QfRGOZRMJwNH68EicTlD1H5Td3MXZ9m?usp=sharing\">Clica aqu\u00ed si vols veure les imatges de la jornada.<\/a><\/p>\n<p>&nbsp;<\/p>\n","protected":false},"excerpt":{"rendered":"<p>Genial iniciativa del Club Gimn\u00e0stic de Tarragona, enmarcada en el projecte Junst Creixem, donant-nos l&#8217;oportunitat d&#8217;entrevistar dos grans jugadors com el capit\u00e0 &#8220;Fali&#8221; i en Pol Valent\u00edn.<br \/>\nL&#8217;alumnat de cicle superior es va mostrar motivad\u00edssim preparant les preguntes per a la roda de premsa que vam&hellip;  <a href=\"https:\/\/agora.xtec.cat\/escolacampclar\/general\/roda-de-premsa-amb-fali-i-pol-valentin\/\" title=\"Read Roda de premsa amb Fali i Pol Valent\u00edn\">Llegeix m\u00e9s\u00bb<\/a><\/p>\n","protected":false},"author":14,"featured_media":2209,"comment_status":"open","ping_status":"closed","sticky":false,"template":"","format":"standard","meta":{"_bbp_topic_count":0,"_bbp_reply_count":0,"_bbp_total_topic_count":0,"_bbp_total_reply_count":0,"_bbp_voice_count":0,"_bbp_anonymous_reply_count":0,"_bbp_topic_count_hidden":0,"_bbp_reply_count_hidden":0,"_bbp_forum_subforum_count":0,"footnotes":""},"categories":[26,1],"tags":[321,44,319,318,317,320,322],"class_list":["post-2208","post","type-post","status-publish","format-standard","has-post-thumbnail","hentry","category-cicle-superior","category-general","tag-entrevista","tag-escola-campclar","tag-fali","tag-junts-creixem","tag-nastic","tag-pol-valentin","tag-roda-de-premsa"],"post_mailing_queue_ids":[],"_links":{"self":[{"href":"https:\/\/agora.xtec.cat\/escolacampclar\/wp-json\/wp\/v2\/posts\/2208","targetHints":{"allow":["GET"]}}],"collection":[{"href":"https:\/\/agora.xtec.cat\/escolacampclar\/wp-json\/wp\/v2\/posts"}],"about":[{"href":"https:\/\/agora.xtec.cat\/escolacampclar\/wp-json\/wp\/v2\/types\/post"}],"author":[{"embeddable":true,"href":"https:\/\/agora.xtec.cat\/escolacampclar\/wp-json\/wp\/v2\/users\/14"}],"replies":[{"embeddable":true,"href":"https:\/\/agora.xtec.cat\/escolacampclar\/wp-json\/wp\/v2\/comments?post=2208"}],"version-history":[{"count":1,"href":"https:\/\/agora.xtec.cat\/escolacampclar\/wp-json\/wp\/v2\/posts\/2208\/revisions"}],"predecessor-version":[{"id":2210,"href":"https:\/\/agora.xtec.cat\/escolacampclar\/wp-json\/wp\/v2\/posts\/2208\/revisions\/2210"}],"wp:featuredmedia":[{"embeddable":true,"href":"https:\/\/agora.xtec.cat\/escolacampclar\/wp-json\/wp\/v2\/media\/2209"}],"wp:attachment":[{"href":"https:\/\/agora.xtec.cat\/escolacampclar\/wp-json\/wp\/v2\/media?parent=2208"}],"wp:term":[{"taxonomy":"category","embeddable":true,"href":"https:\/\/agora.xtec.cat\/escolacampclar\/wp-json\/wp\/v2\/categories?post=2208"},{"taxonomy":"post_tag","embeddable":true,"href":"https:\/\/agora.xtec.cat\/escolacampclar\/wp-json\/wp\/v2\/tags?post=2208"}],"curies":[{"name":"wp","href":"https:\/\/api.w.org\/{rel}","templated":true}]}}