{"id":2197,"date":"2019-02-01T12:39:18","date_gmt":"2019-02-01T11:39:18","guid":{"rendered":"http:\/\/agora.xtec.cat\/escolacampclar\/?p=2197"},"modified":"2019-02-01T12:39:18","modified_gmt":"2019-02-01T11:39:18","slug":"dia-de-la-pau-i-la-no-volencia","status":"publish","type":"post","link":"https:\/\/agora.xtec.cat\/escolacampclar\/general\/dia-de-la-pau-i-la-no-volencia\/","title":{"rendered":"Dia de la Pau i la no vol\u00e8ncia"},"content":{"rendered":"<p>El dimecres dia 30 vam celebrar el DENIP un any m\u00e9s al centre. Aquesta vegada vam preparar unes papallones amb missatges de Pau a cada aula durant la setmana, tamb\u00e9 vam pintar unes papallones petites per decorar l&#8217;entrada del centre.<\/p>\n<p>El dimecres vam sortir al pati tots els alumnes del centre i vam llegir en alt el nostre missatge de Pau per compartir-ho amb els companys i companyes. Intentarem treballar per aconseguir que la pau estigui en tots nosaltres cada dia i a cada moment.<\/p>\n<p><a href=\"https:\/\/drive.google.com\/open?id=1-Jd3Jz0SUIbfDvAdo5-UfaUpoLOjvcK5\">Clica aqu\u00ed per veure algunes imatges.<\/a><\/p>\n","protected":false},"excerpt":{"rendered":"<p>El dimecres dia 30 vam celebrar el DENIP un any m\u00e9s al centre. Aquesta vegada vam preparar unes papallones amb missatges de Pau a cada aula durant la setmana, tamb\u00e9 vam pintar unes papallones petites per decorar l&#8217;entrada del centre.<br \/>\nEl dimecres vam sortir al pati&hellip;  <a href=\"https:\/\/agora.xtec.cat\/escolacampclar\/general\/dia-de-la-pau-i-la-no-volencia\/\" title=\"Read Dia de la Pau i la no vol\u00e8ncia\">Llegeix m\u00e9s\u00bb<\/a><\/p>\n","protected":false},"author":14,"featured_media":2198,"comment_status":"open","ping_status":"closed","sticky":false,"template":"","format":"standard","meta":{"_bbp_topic_count":0,"_bbp_reply_count":0,"_bbp_total_topic_count":0,"_bbp_total_reply_count":0,"_bbp_voice_count":0,"_bbp_anonymous_reply_count":0,"_bbp_topic_count_hidden":0,"_bbp_reply_count_hidden":0,"_bbp_forum_subforum_count":0,"footnotes":""},"categories":[29,1],"tags":[159,158,44,261],"class_list":["post-2197","post","type-post","status-publish","format-standard","has-post-thumbnail","hentry","category-festes","category-general","tag-denip","tag-dia-de-la-pau","tag-escola-campclar","tag-pau"],"post_mailing_queue_ids":[],"_links":{"self":[{"href":"https:\/\/agora.xtec.cat\/escolacampclar\/wp-json\/wp\/v2\/posts\/2197","targetHints":{"allow":["GET"]}}],"collection":[{"href":"https:\/\/agora.xtec.cat\/escolacampclar\/wp-json\/wp\/v2\/posts"}],"about":[{"href":"https:\/\/agora.xtec.cat\/escolacampclar\/wp-json\/wp\/v2\/types\/post"}],"author":[{"embeddable":true,"href":"https:\/\/agora.xtec.cat\/escolacampclar\/wp-json\/wp\/v2\/users\/14"}],"replies":[{"embeddable":true,"href":"https:\/\/agora.xtec.cat\/escolacampclar\/wp-json\/wp\/v2\/comments?post=2197"}],"version-history":[{"count":1,"href":"https:\/\/agora.xtec.cat\/escolacampclar\/wp-json\/wp\/v2\/posts\/2197\/revisions"}],"predecessor-version":[{"id":2199,"href":"https:\/\/agora.xtec.cat\/escolacampclar\/wp-json\/wp\/v2\/posts\/2197\/revisions\/2199"}],"wp:featuredmedia":[{"embeddable":true,"href":"https:\/\/agora.xtec.cat\/escolacampclar\/wp-json\/wp\/v2\/media\/2198"}],"wp:attachment":[{"href":"https:\/\/agora.xtec.cat\/escolacampclar\/wp-json\/wp\/v2\/media?parent=2197"}],"wp:term":[{"taxonomy":"category","embeddable":true,"href":"https:\/\/agora.xtec.cat\/escolacampclar\/wp-json\/wp\/v2\/categories?post=2197"},{"taxonomy":"post_tag","embeddable":true,"href":"https:\/\/agora.xtec.cat\/escolacampclar\/wp-json\/wp\/v2\/tags?post=2197"}],"curies":[{"name":"wp","href":"https:\/\/api.w.org\/{rel}","templated":true}]}}