{"id":2191,"date":"2019-01-22T17:24:37","date_gmt":"2019-01-22T16:24:37","guid":{"rendered":"http:\/\/agora.xtec.cat\/escolacampclar\/?p=2191"},"modified":"2019-01-22T17:24:37","modified_gmt":"2019-01-22T16:24:37","slug":"historias-de-miedo","status":"publish","type":"post","link":"https:\/\/agora.xtec.cat\/escolacampclar\/general\/historias-de-miedo\/","title":{"rendered":"Historias de miedo"},"content":{"rendered":"<p>L&#8217;alumnat de 6\u00e8 vol compartir amb tots vosaltres algunes de les hist\u00f2ries de por que han escrit a l&#8217;\u00e0rea de llengua castellana. Els resultats han sigut molt bons despr\u00e9s de fer un treball de vocabulari i de veure com havien d&#8217;estructurar les narracions.<\/p>\n<p>Esperem que us agradin.<\/p>\n<p><a href=\"https:\/\/drive.google.com\/drive\/folders\/18c7jfhO3fcu8G65PT0MQI_ONjT514xVo?usp=sharing\">Historias de miedo<\/a><\/p>\n","protected":false},"excerpt":{"rendered":"<p>L&#8217;alumnat de 6\u00e8 vol compartir amb tots vosaltres algunes de les hist\u00f2ries de por que han escrit a l&#8217;\u00e0rea de llengua castellana. Els resultats han sigut molt bons despr\u00e9s de fer un treball de vocabulari i de veure com havien d&#8217;estructurar les narracions.<br \/>\nEsperem que us&hellip;  <a href=\"https:\/\/agora.xtec.cat\/escolacampclar\/general\/historias-de-miedo\/\" title=\"Read Historias de miedo\">Llegeix m\u00e9s\u00bb<\/a><\/p>\n","protected":false},"author":14,"featured_media":2192,"comment_status":"open","ping_status":"closed","sticky":false,"template":"","format":"standard","meta":{"_bbp_topic_count":0,"_bbp_reply_count":0,"_bbp_total_topic_count":0,"_bbp_total_reply_count":0,"_bbp_voice_count":0,"_bbp_anonymous_reply_count":0,"_bbp_topic_count_hidden":0,"_bbp_reply_count_hidden":0,"_bbp_forum_subforum_count":0,"footnotes":""},"categories":[26,1],"tags":[137,297],"class_list":["post-2191","post","type-post","status-publish","format-standard","has-post-thumbnail","hentry","category-cicle-superior","category-general","tag-tac","tag-tipologia-textual"],"post_mailing_queue_ids":[],"_links":{"self":[{"href":"https:\/\/agora.xtec.cat\/escolacampclar\/wp-json\/wp\/v2\/posts\/2191","targetHints":{"allow":["GET"]}}],"collection":[{"href":"https:\/\/agora.xtec.cat\/escolacampclar\/wp-json\/wp\/v2\/posts"}],"about":[{"href":"https:\/\/agora.xtec.cat\/escolacampclar\/wp-json\/wp\/v2\/types\/post"}],"author":[{"embeddable":true,"href":"https:\/\/agora.xtec.cat\/escolacampclar\/wp-json\/wp\/v2\/users\/14"}],"replies":[{"embeddable":true,"href":"https:\/\/agora.xtec.cat\/escolacampclar\/wp-json\/wp\/v2\/comments?post=2191"}],"version-history":[{"count":1,"href":"https:\/\/agora.xtec.cat\/escolacampclar\/wp-json\/wp\/v2\/posts\/2191\/revisions"}],"predecessor-version":[{"id":2193,"href":"https:\/\/agora.xtec.cat\/escolacampclar\/wp-json\/wp\/v2\/posts\/2191\/revisions\/2193"}],"wp:featuredmedia":[{"embeddable":true,"href":"https:\/\/agora.xtec.cat\/escolacampclar\/wp-json\/wp\/v2\/media\/2192"}],"wp:attachment":[{"href":"https:\/\/agora.xtec.cat\/escolacampclar\/wp-json\/wp\/v2\/media?parent=2191"}],"wp:term":[{"taxonomy":"category","embeddable":true,"href":"https:\/\/agora.xtec.cat\/escolacampclar\/wp-json\/wp\/v2\/categories?post=2191"},{"taxonomy":"post_tag","embeddable":true,"href":"https:\/\/agora.xtec.cat\/escolacampclar\/wp-json\/wp\/v2\/tags?post=2191"}],"curies":[{"name":"wp","href":"https:\/\/api.w.org\/{rel}","templated":true}]}}