{"id":2188,"date":"2019-01-21T14:37:38","date_gmt":"2019-01-21T13:37:38","guid":{"rendered":"http:\/\/agora.xtec.cat\/escolacampclar\/?p=2188"},"modified":"2019-01-21T14:37:38","modified_gmt":"2019-01-21T13:37:38","slug":"el-debat","status":"publish","type":"post","link":"https:\/\/agora.xtec.cat\/escolacampclar\/general\/el-debat\/","title":{"rendered":"El debat"},"content":{"rendered":"<p><a href=\"https:\/\/agora.xtec.cat\/escolacampclar\/wp-content\/uploads\/usu687\/2019\/01\/debat.jpg\"><img loading=\"lazy\" decoding=\"async\" class=\"wp-image-2189 aligncenter\" src=\"https:\/\/agora.xtec.cat\/escolacampclar\/wp-content\/uploads\/usu687\/2019\/01\/debat.jpg\" alt=\"\" width=\"530\" height=\"523\" srcset=\"https:\/\/agora.xtec.cat\/escolacampclar\/wp-content\/uploads\/usu687\/2019\/01\/debat.jpg 765w, https:\/\/agora.xtec.cat\/escolacampclar\/wp-content\/uploads\/usu687\/2019\/01\/debat-300x296.jpg 300w\" sizes=\"auto, (max-width: 530px) 100vw, 530px\" \/><\/a><\/p>\n<p>El debat \u00e9s una eina \u00fatil per millorar l&#8217;expressi\u00f3 oral en catal\u00e0. Els alumnes de cicle mitj\u00e0\u00a0ens\u00a0van mostrar molt receptius a participar i expressar la seva opini\u00f3 a partir d&#8217;un tema pr\u00e8viament votat per ells mateixos.<br \/>\nCada alumne es va posicionar amb bons arguments, posant en pr\u00e0ctica les seves habilitats comunicatives, diferents raonaments, pensaments i el m\u00e9s important, el respecte per les opinions\u00a0diferents a les seves, arribant aix\u00ed a un pacte on tots els dos grups vam sortir satisfets.<\/p>\n<p>Una bona activitat per comen\u00e7ar b\u00e9 la setmana! Podeu veure algunes imatges en aquest <a href=\"https:\/\/drive.google.com\/open?id=1-SAE6qhDiNEogABPhGa3uN_6BgpMf6DY\">enlla\u00e7<\/a><\/p>\n","protected":false},"excerpt":{"rendered":"<p><a href=\"https:\/\/agora.xtec.cat\/escolacampclar\/wp-content\/uploads\/usu687\/2019\/01\/debat.jpg\"><\/a><br \/>\nEl debat \u00e9s una eina \u00fatil per millorar l&#8217;expressi\u00f3 oral en catal\u00e0. Els alumnes de cicle mitj\u00e0\u00a0ens\u00a0van mostrar molt receptius a participar i expressar la seva opini\u00f3 a partir d&#8217;un tema pr\u00e8viament votat per ells mateixos.<br \/>\nCada alumne es va posicionar amb bons arguments, posant&hellip;  <a href=\"https:\/\/agora.xtec.cat\/escolacampclar\/general\/el-debat\/\" title=\"Read El debat\">Llegeix m\u00e9s\u00bb<\/a><\/p>\n","protected":false},"author":14,"featured_media":2189,"comment_status":"open","ping_status":"closed","sticky":false,"template":"","format":"standard","meta":{"_bbp_topic_count":0,"_bbp_reply_count":0,"_bbp_total_topic_count":0,"_bbp_total_reply_count":0,"_bbp_voice_count":0,"_bbp_anonymous_reply_count":0,"_bbp_topic_count_hidden":0,"_bbp_reply_count_hidden":0,"_bbp_forum_subforum_count":0,"footnotes":""},"categories":[25,1],"tags":[37,44],"class_list":["post-2188","post","type-post","status-publish","format-standard","has-post-thumbnail","hentry","category-cicle-mitja","category-general","tag-cicle-mitja-2","tag-escola-campclar"],"post_mailing_queue_ids":[],"_links":{"self":[{"href":"https:\/\/agora.xtec.cat\/escolacampclar\/wp-json\/wp\/v2\/posts\/2188","targetHints":{"allow":["GET"]}}],"collection":[{"href":"https:\/\/agora.xtec.cat\/escolacampclar\/wp-json\/wp\/v2\/posts"}],"about":[{"href":"https:\/\/agora.xtec.cat\/escolacampclar\/wp-json\/wp\/v2\/types\/post"}],"author":[{"embeddable":true,"href":"https:\/\/agora.xtec.cat\/escolacampclar\/wp-json\/wp\/v2\/users\/14"}],"replies":[{"embeddable":true,"href":"https:\/\/agora.xtec.cat\/escolacampclar\/wp-json\/wp\/v2\/comments?post=2188"}],"version-history":[{"count":1,"href":"https:\/\/agora.xtec.cat\/escolacampclar\/wp-json\/wp\/v2\/posts\/2188\/revisions"}],"predecessor-version":[{"id":2190,"href":"https:\/\/agora.xtec.cat\/escolacampclar\/wp-json\/wp\/v2\/posts\/2188\/revisions\/2190"}],"wp:featuredmedia":[{"embeddable":true,"href":"https:\/\/agora.xtec.cat\/escolacampclar\/wp-json\/wp\/v2\/media\/2189"}],"wp:attachment":[{"href":"https:\/\/agora.xtec.cat\/escolacampclar\/wp-json\/wp\/v2\/media?parent=2188"}],"wp:term":[{"taxonomy":"category","embeddable":true,"href":"https:\/\/agora.xtec.cat\/escolacampclar\/wp-json\/wp\/v2\/categories?post=2188"},{"taxonomy":"post_tag","embeddable":true,"href":"https:\/\/agora.xtec.cat\/escolacampclar\/wp-json\/wp\/v2\/tags?post=2188"}],"curies":[{"name":"wp","href":"https:\/\/api.w.org\/{rel}","templated":true}]}}