{"id":2165,"date":"2019-01-10T08:30:48","date_gmt":"2019-01-10T07:30:48","guid":{"rendered":"http:\/\/agora.xtec.cat\/escolacampclar\/?p=2165"},"modified":"2019-01-08T22:24:15","modified_gmt":"2019-01-08T21:24:15","slug":"el-rap-de-la-convivencia","status":"publish","type":"post","link":"https:\/\/agora.xtec.cat\/escolacampclar\/general\/el-rap-de-la-convivencia\/","title":{"rendered":"EL RAP DE LA CONVIV\u00c8NCIA"},"content":{"rendered":"<p><a href=\"https:\/\/agora.xtec.cat\/escolacampclar\/wp-content\/uploads\/usu687\/2019\/01\/CONVIV\u00c8NCIA-1.png\"><img loading=\"lazy\" decoding=\"async\" class=\"size-full wp-image-2168 aligncenter\" src=\"https:\/\/agora.xtec.cat\/escolacampclar\/wp-content\/uploads\/usu687\/2019\/01\/CONVIV\u00c8NCIA-1.png\" alt=\"\" width=\"654\" height=\"396\" srcset=\"https:\/\/agora.xtec.cat\/escolacampclar\/wp-content\/uploads\/usu687\/2019\/01\/CONVIV\u00c8NCIA-1.png 654w, https:\/\/agora.xtec.cat\/escolacampclar\/wp-content\/uploads\/usu687\/2019\/01\/CONVIV\u00c8NCIA-1-300x182.png 300w\" sizes=\"auto, (max-width: 654px) 100vw, 654px\" \/><\/a><\/p>\n<p>Els alumnes de 6\u00e8 ens hem posat \u201cles piles\u201d i volem que la conviv\u00e8ncia, tant al pati com a les aules, passi per damunt de la viol\u00e8ncia.<\/p>\n<p>Hem fet tot un treball a classe, passant pel debat, arribant a consens sobre que \u00e9s per a nosaltres la conviv\u00e8ncia i qu\u00e8 \u00e9s all\u00f2 que no ens agrada i volem canviar. A classe de catal\u00e0 hem treballat el vocabulari, i per grups cooperatius hem decidit fer un RAP, el RAP DE LA CONVIV\u00c8NCIA. Hem demanat ajuda a la Isabel, la nostra mestra \u00a0de m\u00fasica, i finalment hem aconseguit fer el nostre rap personal sobre la conviv\u00e8ncia. El seg\u00fcent pas \u00e9s ensenyar-lo als nostres companys i companyes de l\u2019escola i , si es possible, que cada nivell pugui fer el seu rap particular.<\/p>\n<p>A continuaci\u00f3 podeu veure tot el proc\u00e9s. Ens ho vam passar <a href=\"https:\/\/drive.google.com\/drive\/folders\/1EJl9brJuYN8zS4qDVRiVXDNlTvk6hRaA?usp=sharing\">pipa.<\/a><\/p>\n<p>&nbsp;<\/p>\n","protected":false},"excerpt":{"rendered":"<p><a href=\"https:\/\/agora.xtec.cat\/escolacampclar\/wp-content\/uploads\/usu687\/2019\/01\/CONVIV\u00c8NCIA-1.png\"><\/a><br \/>\nEls alumnes de 6\u00e8 ens hem posat \u201cles piles\u201d i volem que la conviv\u00e8ncia, tant al pati com a les aules, passi per damunt de la viol\u00e8ncia.<br \/>\nHem fet tot un treball a classe, passant pel debat, arribant a consens sobre que \u00e9s per a&hellip;  <a href=\"https:\/\/agora.xtec.cat\/escolacampclar\/general\/el-rap-de-la-convivencia\/\" title=\"Read EL RAP DE LA CONVIV\u00c8NCIA\">Llegeix m\u00e9s\u00bb<\/a><\/p>\n","protected":false},"author":14,"featured_media":2166,"comment_status":"open","ping_status":"closed","sticky":false,"template":"","format":"standard","meta":{"_bbp_topic_count":0,"_bbp_reply_count":0,"_bbp_total_topic_count":0,"_bbp_total_reply_count":0,"_bbp_voice_count":0,"_bbp_anonymous_reply_count":0,"_bbp_topic_count_hidden":0,"_bbp_reply_count_hidden":0,"_bbp_forum_subforum_count":0,"footnotes":""},"categories":[26,1],"tags":[34,63],"class_list":["post-2165","post","type-post","status-publish","format-standard","has-post-thumbnail","hentry","category-cicle-superior","category-general","tag-campclar","tag-cicle-superior"],"post_mailing_queue_ids":[],"_links":{"self":[{"href":"https:\/\/agora.xtec.cat\/escolacampclar\/wp-json\/wp\/v2\/posts\/2165","targetHints":{"allow":["GET"]}}],"collection":[{"href":"https:\/\/agora.xtec.cat\/escolacampclar\/wp-json\/wp\/v2\/posts"}],"about":[{"href":"https:\/\/agora.xtec.cat\/escolacampclar\/wp-json\/wp\/v2\/types\/post"}],"author":[{"embeddable":true,"href":"https:\/\/agora.xtec.cat\/escolacampclar\/wp-json\/wp\/v2\/users\/14"}],"replies":[{"embeddable":true,"href":"https:\/\/agora.xtec.cat\/escolacampclar\/wp-json\/wp\/v2\/comments?post=2165"}],"version-history":[{"count":3,"href":"https:\/\/agora.xtec.cat\/escolacampclar\/wp-json\/wp\/v2\/posts\/2165\/revisions"}],"predecessor-version":[{"id":2170,"href":"https:\/\/agora.xtec.cat\/escolacampclar\/wp-json\/wp\/v2\/posts\/2165\/revisions\/2170"}],"wp:featuredmedia":[{"embeddable":true,"href":"https:\/\/agora.xtec.cat\/escolacampclar\/wp-json\/wp\/v2\/media\/2166"}],"wp:attachment":[{"href":"https:\/\/agora.xtec.cat\/escolacampclar\/wp-json\/wp\/v2\/media?parent=2165"}],"wp:term":[{"taxonomy":"category","embeddable":true,"href":"https:\/\/agora.xtec.cat\/escolacampclar\/wp-json\/wp\/v2\/categories?post=2165"},{"taxonomy":"post_tag","embeddable":true,"href":"https:\/\/agora.xtec.cat\/escolacampclar\/wp-json\/wp\/v2\/tags?post=2165"}],"curies":[{"name":"wp","href":"https:\/\/api.w.org\/{rel}","templated":true}]}}