{"id":2155,"date":"2018-12-21T12:43:38","date_gmt":"2018-12-21T11:43:38","guid":{"rendered":"http:\/\/agora.xtec.cat\/escolacampclar\/?p=2155"},"modified":"2018-12-21T12:43:38","modified_gmt":"2018-12-21T11:43:38","slug":"caga-tio-2","status":"publish","type":"post","link":"https:\/\/agora.xtec.cat\/escolacampclar\/general\/caga-tio-2\/","title":{"rendered":"Caga ti\u00f3!"},"content":{"rendered":"<p>Avui hem fet cagar el ti\u00f3! Com es tradici\u00f3 a l&#8217;escola Campclar l&#8217;\u00faltim dia abans de les vacances de nadal els alumnes de p3 a segon hem fet cagar el ti\u00f3 al gimn\u00e0s de l&#8217;escola.<\/p>\n<p>Els ha cagat pilotes, puzles, aquarel\u00b7les, jocs de mans&#8230; tots estem molt contents! Esperem que el pr\u00f2xim any ens portem tant b\u00e9 que ens torni a visitar de la mateixa manera.<\/p>\n<p><a href=\"https:\/\/drive.google.com\/open?id=1-oF-gYAdjDsI3fi3Diw3-DFfOq8Eg9n8\">Clica aqu\u00ed per veure unes imatges.<\/a><\/p>\n","protected":false},"excerpt":{"rendered":"<p>Avui hem fet cagar el ti\u00f3! Com es tradici\u00f3 a l&#8217;escola Campclar l&#8217;\u00faltim dia abans de les vacances de nadal els alumnes de p3 a segon hem fet cagar el ti\u00f3 al gimn\u00e0s de l&#8217;escola.<br \/>\nEls ha cagat pilotes, puzles, aquarel\u00b7les, jocs de mans&#8230; tots estem&hellip;  <a href=\"https:\/\/agora.xtec.cat\/escolacampclar\/general\/caga-tio-2\/\" title=\"Read Caga ti\u00f3!\">Llegeix m\u00e9s\u00bb<\/a><\/p>\n","protected":false},"author":14,"featured_media":2156,"comment_status":"open","ping_status":"closed","sticky":false,"template":"","format":"standard","meta":{"_bbp_topic_count":0,"_bbp_reply_count":0,"_bbp_total_topic_count":0,"_bbp_total_reply_count":0,"_bbp_voice_count":0,"_bbp_anonymous_reply_count":0,"_bbp_topic_count_hidden":0,"_bbp_reply_count_hidden":0,"_bbp_forum_subforum_count":0,"footnotes":""},"categories":[24,59,29,1],"tags":[314,44,52,222],"class_list":["post-2155","post","type-post","status-publish","format-standard","has-post-thumbnail","hentry","category-cicle-inicial","category-infantil","category-festes","category-general","tag-caga-tio","tag-escola-campclar","tag-nadal","tag-tradicions"],"post_mailing_queue_ids":[],"_links":{"self":[{"href":"https:\/\/agora.xtec.cat\/escolacampclar\/wp-json\/wp\/v2\/posts\/2155","targetHints":{"allow":["GET"]}}],"collection":[{"href":"https:\/\/agora.xtec.cat\/escolacampclar\/wp-json\/wp\/v2\/posts"}],"about":[{"href":"https:\/\/agora.xtec.cat\/escolacampclar\/wp-json\/wp\/v2\/types\/post"}],"author":[{"embeddable":true,"href":"https:\/\/agora.xtec.cat\/escolacampclar\/wp-json\/wp\/v2\/users\/14"}],"replies":[{"embeddable":true,"href":"https:\/\/agora.xtec.cat\/escolacampclar\/wp-json\/wp\/v2\/comments?post=2155"}],"version-history":[{"count":1,"href":"https:\/\/agora.xtec.cat\/escolacampclar\/wp-json\/wp\/v2\/posts\/2155\/revisions"}],"predecessor-version":[{"id":2157,"href":"https:\/\/agora.xtec.cat\/escolacampclar\/wp-json\/wp\/v2\/posts\/2155\/revisions\/2157"}],"wp:featuredmedia":[{"embeddable":true,"href":"https:\/\/agora.xtec.cat\/escolacampclar\/wp-json\/wp\/v2\/media\/2156"}],"wp:attachment":[{"href":"https:\/\/agora.xtec.cat\/escolacampclar\/wp-json\/wp\/v2\/media?parent=2155"}],"wp:term":[{"taxonomy":"category","embeddable":true,"href":"https:\/\/agora.xtec.cat\/escolacampclar\/wp-json\/wp\/v2\/categories?post=2155"},{"taxonomy":"post_tag","embeddable":true,"href":"https:\/\/agora.xtec.cat\/escolacampclar\/wp-json\/wp\/v2\/tags?post=2155"}],"curies":[{"name":"wp","href":"https:\/\/api.w.org\/{rel}","templated":true}]}}