{"id":2152,"date":"2018-12-20T09:17:38","date_gmt":"2018-12-20T08:17:38","guid":{"rendered":"http:\/\/agora.xtec.cat\/escolacampclar\/?p=2152"},"modified":"2018-12-19T12:23:54","modified_gmt":"2018-12-19T11:23:54","slug":"recital-de-poesia-de-tardor","status":"publish","type":"post","link":"https:\/\/agora.xtec.cat\/escolacampclar\/general\/recital-de-poesia-de-tardor\/","title":{"rendered":"Recital de poesia de tardor"},"content":{"rendered":"<p>Aquest dimecres els alumnes de p3 a 4t han realitzat un recital de poesia al pati de l&#8217;escola. Hem aprofitat el final del trimestre per celebrar el recital relacionat amb la tardor.<\/p>\n<p>Aprofitant el recital, les mares que fan el curset de catal\u00e0 per les tardes al centre ens han recitat tamb\u00e9 una poesia i ens han demostrat tot el seu potencial!<\/p>\n<p>Al finalitzar, les mestres d&#8217;infantil, cicle inicial i cicle mitj\u00e0 han ballat una can\u00e7\u00f3 i han desitjat un bon nadal!<\/p>\n<p><a href=\"https:\/\/drive.google.com\/open?id=1-n9VYQytYoOjixDqsvHCLMVyZ1oz7LW4\">Clica aqu\u00ed per veure unes imatges.<\/a><\/p>\n","protected":false},"excerpt":{"rendered":"<p>Aquest dimecres els alumnes de p3 a 4t han realitzat un recital de poesia al pati de l&#8217;escola. Hem aprofitat el final del trimestre per celebrar el recital relacionat amb la tardor.<br \/>\nAprofitant el recital, les mares que fan el curset de catal\u00e0 per les tardes&hellip;  <a href=\"https:\/\/agora.xtec.cat\/escolacampclar\/general\/recital-de-poesia-de-tardor\/\" title=\"Read Recital de poesia de tardor\">Llegeix m\u00e9s\u00bb<\/a><\/p>\n","protected":false},"author":14,"featured_media":2153,"comment_status":"open","ping_status":"closed","sticky":false,"template":"","format":"standard","meta":{"_bbp_topic_count":0,"_bbp_reply_count":0,"_bbp_total_topic_count":0,"_bbp_total_reply_count":0,"_bbp_voice_count":0,"_bbp_anonymous_reply_count":0,"_bbp_topic_count_hidden":0,"_bbp_reply_count_hidden":0,"_bbp_forum_subforum_count":0,"footnotes":""},"categories":[24,25,59,29,1],"tags":[52,235,236,237],"class_list":["post-2152","post","type-post","status-publish","format-standard","has-post-thumbnail","hentry","category-cicle-inicial","category-cicle-mitja","category-infantil","category-festes","category-general","tag-nadal","tag-poesia","tag-recital","tag-tardor"],"post_mailing_queue_ids":[],"_links":{"self":[{"href":"https:\/\/agora.xtec.cat\/escolacampclar\/wp-json\/wp\/v2\/posts\/2152","targetHints":{"allow":["GET"]}}],"collection":[{"href":"https:\/\/agora.xtec.cat\/escolacampclar\/wp-json\/wp\/v2\/posts"}],"about":[{"href":"https:\/\/agora.xtec.cat\/escolacampclar\/wp-json\/wp\/v2\/types\/post"}],"author":[{"embeddable":true,"href":"https:\/\/agora.xtec.cat\/escolacampclar\/wp-json\/wp\/v2\/users\/14"}],"replies":[{"embeddable":true,"href":"https:\/\/agora.xtec.cat\/escolacampclar\/wp-json\/wp\/v2\/comments?post=2152"}],"version-history":[{"count":1,"href":"https:\/\/agora.xtec.cat\/escolacampclar\/wp-json\/wp\/v2\/posts\/2152\/revisions"}],"predecessor-version":[{"id":2154,"href":"https:\/\/agora.xtec.cat\/escolacampclar\/wp-json\/wp\/v2\/posts\/2152\/revisions\/2154"}],"wp:featuredmedia":[{"embeddable":true,"href":"https:\/\/agora.xtec.cat\/escolacampclar\/wp-json\/wp\/v2\/media\/2153"}],"wp:attachment":[{"href":"https:\/\/agora.xtec.cat\/escolacampclar\/wp-json\/wp\/v2\/media?parent=2152"}],"wp:term":[{"taxonomy":"category","embeddable":true,"href":"https:\/\/agora.xtec.cat\/escolacampclar\/wp-json\/wp\/v2\/categories?post=2152"},{"taxonomy":"post_tag","embeddable":true,"href":"https:\/\/agora.xtec.cat\/escolacampclar\/wp-json\/wp\/v2\/tags?post=2152"}],"curies":[{"name":"wp","href":"https:\/\/api.w.org\/{rel}","templated":true}]}}