{"id":2143,"date":"2018-12-18T11:07:23","date_gmt":"2018-12-18T10:07:23","guid":{"rendered":"http:\/\/agora.xtec.cat\/escolacampclar\/?p=2143"},"modified":"2018-12-18T11:07:23","modified_gmt":"2018-12-18T10:07:23","slug":"festival-de-nadal-4","status":"publish","type":"post","link":"https:\/\/agora.xtec.cat\/escolacampclar\/general\/festival-de-nadal-4\/","title":{"rendered":"Festival de Nadal"},"content":{"rendered":"<p>Aquesta setmana passada els alumnes de sis\u00e8 ens han regalat dues representacions dels pastorets molt maques! Ho van fer super b\u00e9, s&#8217;ha notat totes les hores d&#8217;assaig que han dedicat!<\/p>\n<p>La resta d&#8217;alumnes van cantar unes nadales preparades a m\u00fasica, fins i tot un grup va cantar una can\u00e7\u00f3 en angl\u00e8s!<\/p>\n<p>Podeu veure unes imatges i v\u00eddeos <a href=\"https:\/\/drive.google.com\/open?id=1-jeOB61CLqIdPckx_eFShOUUf1kb84TB\">clicant aqu\u00ed<\/a>.<\/p>\n<p>&nbsp;<\/p>\n","protected":false},"excerpt":{"rendered":"<p>Aquesta setmana passada els alumnes de sis\u00e8 ens han regalat dues representacions dels pastorets molt maques! Ho van fer super b\u00e9, s&#8217;ha notat totes les hores d&#8217;assaig que han dedicat!<br \/>\nLa resta d&#8217;alumnes van cantar unes nadales preparades a m\u00fasica, fins i tot un grup va&hellip;  <a href=\"https:\/\/agora.xtec.cat\/escolacampclar\/general\/festival-de-nadal-4\/\" title=\"Read Festival de Nadal\">Llegeix m\u00e9s\u00bb<\/a><\/p>\n","protected":false},"author":14,"featured_media":2149,"comment_status":"open","ping_status":"closed","sticky":false,"template":"","format":"standard","meta":{"_bbp_topic_count":0,"_bbp_reply_count":0,"_bbp_total_topic_count":0,"_bbp_total_reply_count":0,"_bbp_voice_count":0,"_bbp_anonymous_reply_count":0,"_bbp_topic_count_hidden":0,"_bbp_reply_count_hidden":0,"_bbp_forum_subforum_count":0,"footnotes":""},"categories":[29,1],"tags":[45,52,152],"class_list":["post-2143","post","type-post","status-publish","format-standard","has-post-thumbnail","hentry","category-festes","category-general","tag-festival","tag-nadal","tag-nadales"],"post_mailing_queue_ids":[],"_links":{"self":[{"href":"https:\/\/agora.xtec.cat\/escolacampclar\/wp-json\/wp\/v2\/posts\/2143","targetHints":{"allow":["GET"]}}],"collection":[{"href":"https:\/\/agora.xtec.cat\/escolacampclar\/wp-json\/wp\/v2\/posts"}],"about":[{"href":"https:\/\/agora.xtec.cat\/escolacampclar\/wp-json\/wp\/v2\/types\/post"}],"author":[{"embeddable":true,"href":"https:\/\/agora.xtec.cat\/escolacampclar\/wp-json\/wp\/v2\/users\/14"}],"replies":[{"embeddable":true,"href":"https:\/\/agora.xtec.cat\/escolacampclar\/wp-json\/wp\/v2\/comments?post=2143"}],"version-history":[{"count":1,"href":"https:\/\/agora.xtec.cat\/escolacampclar\/wp-json\/wp\/v2\/posts\/2143\/revisions"}],"predecessor-version":[{"id":2150,"href":"https:\/\/agora.xtec.cat\/escolacampclar\/wp-json\/wp\/v2\/posts\/2143\/revisions\/2150"}],"wp:featuredmedia":[{"embeddable":true,"href":"https:\/\/agora.xtec.cat\/escolacampclar\/wp-json\/wp\/v2\/media\/2149"}],"wp:attachment":[{"href":"https:\/\/agora.xtec.cat\/escolacampclar\/wp-json\/wp\/v2\/media?parent=2143"}],"wp:term":[{"taxonomy":"category","embeddable":true,"href":"https:\/\/agora.xtec.cat\/escolacampclar\/wp-json\/wp\/v2\/categories?post=2143"},{"taxonomy":"post_tag","embeddable":true,"href":"https:\/\/agora.xtec.cat\/escolacampclar\/wp-json\/wp\/v2\/tags?post=2143"}],"curies":[{"name":"wp","href":"https:\/\/api.w.org\/{rel}","templated":true}]}}