{"id":2129,"date":"2018-12-14T21:54:40","date_gmt":"2018-12-14T20:54:40","guid":{"rendered":"http:\/\/agora.xtec.cat\/escolacampclar\/?p=2129"},"modified":"2018-12-14T22:06:10","modified_gmt":"2018-12-14T21:06:10","slug":"la-tortuga-babaua","status":"publish","type":"post","link":"https:\/\/agora.xtec.cat\/escolacampclar\/general\/la-tortuga-babaua\/","title":{"rendered":"La tortuga Babaua"},"content":{"rendered":"<p><a href=\"https:\/\/agora.xtec.cat\/escolacampclar\/wp-content\/uploads\/usu687\/2018\/12\/96D03265-B0E5-42F1-8ECA-D65D0F103F8F.jpeg\"><img loading=\"lazy\" decoding=\"async\" class=\"wp-image-2130 aligncenter\" src=\"https:\/\/agora.xtec.cat\/escolacampclar\/wp-content\/uploads\/usu687\/2018\/12\/96D03265-B0E5-42F1-8ECA-D65D0F103F8F-1024x768.jpeg\" alt=\"\" width=\"540\" height=\"405\" srcset=\"https:\/\/agora.xtec.cat\/escolacampclar\/wp-content\/uploads\/usu687\/2018\/12\/96D03265-B0E5-42F1-8ECA-D65D0F103F8F-1024x768.jpeg 1024w, https:\/\/agora.xtec.cat\/escolacampclar\/wp-content\/uploads\/usu687\/2018\/12\/96D03265-B0E5-42F1-8ECA-D65D0F103F8F-300x225.jpeg 300w, https:\/\/agora.xtec.cat\/escolacampclar\/wp-content\/uploads\/usu687\/2018\/12\/96D03265-B0E5-42F1-8ECA-D65D0F103F8F-768x576.jpeg 768w, https:\/\/agora.xtec.cat\/escolacampclar\/wp-content\/uploads\/usu687\/2018\/12\/96D03265-B0E5-42F1-8ECA-D65D0F103F8F-200x150.jpeg 200w\" sizes=\"auto, (max-width: 540px) 100vw, 540px\" \/><\/a><\/p>\n<p>Fa uns dies vam rebre una visita molt especial a la nostra escola. El Txiqui\u00a0L\u00f3pez, educador ambiental ens ha portat \u00a0la r\u00e8plica a mida real de la\u00a0<strong><em>tortuga<\/em><\/strong><strong><em>\u00a0babaua.<\/em><\/strong><\/p>\n<p>Els alumnes de cicle mitj\u00e0 vam poder con\u00e8ixer curiositats d\u2019aquesta esp\u00e8cie que es troba en perill d&#8217;extinci\u00f3 per culpa de la destrucci\u00f3 de les platges verges, la pesca accidental i la contaminaci\u00f3 de l&#8217;aigua del mar. A m\u00e9s els alumnes han pogut tocar diferents elements de la natura del nostre entorn com poden ser les petxines.<\/p>\n<p>Per finalitzar el taller cada alumne va rebre un petit dossier amb informacions de la fauna i flora de les nostres platges.<\/p>\n<p>Moltes gr\u00e0cies Txiqui! Va ser una experi\u00e8ncia molt enriquidora per als nostres alumnes.<\/p>\n<p>Podeu veure algunes imatges del Taller de ci\u00e8ncia: La tortuga Babaua a Tarragona en aquest <a href=\"https:\/\/drive.google.com\/open?id=1-LRFSXnx-vYgtOS7SkMNNI_FnBP0wgdQ\">enlla\u00e7<\/a><\/p>\n<p><a href=\"https:\/\/agora.xtec.cat\/escolacampclar\/wp-content\/uploads\/usu687\/2018\/12\/tortuga.jpg\"><img loading=\"lazy\" decoding=\"async\" class=\"wp-image-2135 aligncenter\" src=\"https:\/\/agora.xtec.cat\/escolacampclar\/wp-content\/uploads\/usu687\/2018\/12\/tortuga.jpg\" alt=\"\" width=\"654\" height=\"427\" srcset=\"https:\/\/agora.xtec.cat\/escolacampclar\/wp-content\/uploads\/usu687\/2018\/12\/tortuga.jpg 815w, https:\/\/agora.xtec.cat\/escolacampclar\/wp-content\/uploads\/usu687\/2018\/12\/tortuga-300x196.jpg 300w, https:\/\/agora.xtec.cat\/escolacampclar\/wp-content\/uploads\/usu687\/2018\/12\/tortuga-768x501.jpg 768w\" sizes=\"auto, (max-width: 654px) 100vw, 654px\" \/><\/a><a href=\"https:\/\/agora.xtec.cat\/escolacampclar\/wp-content\/uploads\/usu687\/2018\/12\/tortuga3.jpg\"><img loading=\"lazy\" decoding=\"async\" class=\"wp-image-2136 aligncenter\" src=\"https:\/\/agora.xtec.cat\/escolacampclar\/wp-content\/uploads\/usu687\/2018\/12\/tortuga3.jpg\" alt=\"\" width=\"662\" height=\"369\" srcset=\"https:\/\/agora.xtec.cat\/escolacampclar\/wp-content\/uploads\/usu687\/2018\/12\/tortuga3.jpg 881w, https:\/\/agora.xtec.cat\/escolacampclar\/wp-content\/uploads\/usu687\/2018\/12\/tortuga3-300x167.jpg 300w, https:\/\/agora.xtec.cat\/escolacampclar\/wp-content\/uploads\/usu687\/2018\/12\/tortuga3-768x428.jpg 768w\" sizes=\"auto, (max-width: 662px) 100vw, 662px\" \/><\/a><a href=\"https:\/\/agora.xtec.cat\/escolacampclar\/wp-content\/uploads\/usu687\/2018\/12\/tortuga2.jpg\"><img loading=\"lazy\" decoding=\"async\" class=\"size-full wp-image-2137 aligncenter\" src=\"https:\/\/agora.xtec.cat\/escolacampclar\/wp-content\/uploads\/usu687\/2018\/12\/tortuga2.jpg\" alt=\"\" width=\"653\" height=\"488\" srcset=\"https:\/\/agora.xtec.cat\/escolacampclar\/wp-content\/uploads\/usu687\/2018\/12\/tortuga2.jpg 653w, https:\/\/agora.xtec.cat\/escolacampclar\/wp-content\/uploads\/usu687\/2018\/12\/tortuga2-300x224.jpg 300w, https:\/\/agora.xtec.cat\/escolacampclar\/wp-content\/uploads\/usu687\/2018\/12\/tortuga2-200x150.jpg 200w\" sizes=\"auto, (max-width: 653px) 100vw, 653px\" \/><\/a><\/p>\n<p>&nbsp;<\/p>\n<p>&nbsp;<\/p>\n","protected":false},"excerpt":{"rendered":"<p>Taller de ci\u00e8ncia: La tortuga Babaua a Tarragona&hellip;  <a href=\"https:\/\/agora.xtec.cat\/escolacampclar\/general\/la-tortuga-babaua\/\" title=\"Read La tortuga Babaua\">Llegeix m\u00e9s\u00bb<\/a><\/p>\n","protected":false},"author":14,"featured_media":2130,"comment_status":"open","ping_status":"closed","sticky":false,"template":"","format":"standard","meta":{"_bbp_topic_count":0,"_bbp_reply_count":0,"_bbp_total_topic_count":0,"_bbp_total_reply_count":0,"_bbp_voice_count":0,"_bbp_anonymous_reply_count":0,"_bbp_topic_count_hidden":0,"_bbp_reply_count_hidden":0,"_bbp_forum_subforum_count":0,"footnotes":""},"categories":[25,1],"tags":[34,37,44],"class_list":["post-2129","post","type-post","status-publish","format-standard","has-post-thumbnail","hentry","category-cicle-mitja","category-general","tag-campclar","tag-cicle-mitja-2","tag-escola-campclar"],"post_mailing_queue_ids":[],"_links":{"self":[{"href":"https:\/\/agora.xtec.cat\/escolacampclar\/wp-json\/wp\/v2\/posts\/2129","targetHints":{"allow":["GET"]}}],"collection":[{"href":"https:\/\/agora.xtec.cat\/escolacampclar\/wp-json\/wp\/v2\/posts"}],"about":[{"href":"https:\/\/agora.xtec.cat\/escolacampclar\/wp-json\/wp\/v2\/types\/post"}],"author":[{"embeddable":true,"href":"https:\/\/agora.xtec.cat\/escolacampclar\/wp-json\/wp\/v2\/users\/14"}],"replies":[{"embeddable":true,"href":"https:\/\/agora.xtec.cat\/escolacampclar\/wp-json\/wp\/v2\/comments?post=2129"}],"version-history":[{"count":3,"href":"https:\/\/agora.xtec.cat\/escolacampclar\/wp-json\/wp\/v2\/posts\/2129\/revisions"}],"predecessor-version":[{"id":2138,"href":"https:\/\/agora.xtec.cat\/escolacampclar\/wp-json\/wp\/v2\/posts\/2129\/revisions\/2138"}],"wp:featuredmedia":[{"embeddable":true,"href":"https:\/\/agora.xtec.cat\/escolacampclar\/wp-json\/wp\/v2\/media\/2130"}],"wp:attachment":[{"href":"https:\/\/agora.xtec.cat\/escolacampclar\/wp-json\/wp\/v2\/media?parent=2129"}],"wp:term":[{"taxonomy":"category","embeddable":true,"href":"https:\/\/agora.xtec.cat\/escolacampclar\/wp-json\/wp\/v2\/categories?post=2129"},{"taxonomy":"post_tag","embeddable":true,"href":"https:\/\/agora.xtec.cat\/escolacampclar\/wp-json\/wp\/v2\/tags?post=2129"}],"curies":[{"name":"wp","href":"https:\/\/api.w.org\/{rel}","templated":true}]}}