{"id":2128,"date":"2019-01-08T21:53:42","date_gmt":"2019-01-08T20:53:42","guid":{"rendered":"http:\/\/agora.xtec.cat\/escolacampclar\/?p=2128"},"modified":"2019-01-08T21:54:57","modified_gmt":"2019-01-08T20:54:57","slug":"coetren-igualtat-de-genere","status":"publish","type":"post","link":"https:\/\/agora.xtec.cat\/escolacampclar\/general\/coetren-igualtat-de-genere\/","title":{"rendered":"COETREN: IGUALTAT DE G\u00c8NERE"},"content":{"rendered":"<p>&nbsp;<\/p>\n<p><a href=\"https:\/\/agora.xtec.cat\/escolacampclar\/wp-content\/uploads\/usu687\/2019\/01\/coetren.png\"><img loading=\"lazy\" decoding=\"async\" class=\"wp-image-2161 aligncenter\" src=\"https:\/\/agora.xtec.cat\/escolacampclar\/wp-content\/uploads\/usu687\/2019\/01\/coetren-1024x295.png\" alt=\"\" width=\"918\" height=\"264\" srcset=\"https:\/\/agora.xtec.cat\/escolacampclar\/wp-content\/uploads\/usu687\/2019\/01\/coetren-1024x295.png 1024w, https:\/\/agora.xtec.cat\/escolacampclar\/wp-content\/uploads\/usu687\/2019\/01\/coetren-300x86.png 300w, https:\/\/agora.xtec.cat\/escolacampclar\/wp-content\/uploads\/usu687\/2019\/01\/coetren-768x221.png 768w, https:\/\/agora.xtec.cat\/escolacampclar\/wp-content\/uploads\/usu687\/2019\/01\/coetren.png 1643w\" sizes=\"auto, (max-width: 918px) 100vw, 918px\" \/><\/a><\/p>\n<p><span style=\"font-weight: 400;\">El passat dia 20 de novembre, els i les alumnes de 6\u00e8 van participar en el taller proposat pel COETREN, el tren de la coeducaci\u00f3, programa iniciat els curs passat sobre la igualtat de g\u00e8nere.<\/span><\/p>\n<p><span style=\"font-weight: 400;\">A partir d\u2019unes din\u00e0miques, van poder ser conscients de les difer\u00e8ncies de ser home o dona a la \u00a0societat que ens envolta, volent lluitar contra aquesta <\/span><b>SANCI\u00d3 DE G\u00c8NERE<\/b><span style=\"font-weight: 400;\"> purament cultural.<\/span><\/p>\n<p><span style=\"font-weight: 400;\">D\u2019entre les diferents din\u00e0miques cal destacar: representaci\u00f3 de diferents escenes (xutar, ballar, llan\u00e7ar&#8230;.), com ho faria un nen i com ho \u00a0faria una nena. Tamb\u00e9 es va parlar dels estereotips, de la difer\u00e8ncia entre sexe biol\u00f2gic i la identitat de g\u00e8nere. Van descobrir homes i dones importants, pioners en diferents aven\u00e7os i descobriments al llarg de la hist\u00f2ria. Una altra din\u00e0mica va ser representar emocions, donant import\u00e0ncia al fet de<\/span><b> SENTIR<\/b><span style=\"font-weight: 400;\"> i \u00a0<\/span><b>EXPRESSAR<\/b><span style=\"font-weight: 400;\"> una emoci\u00f3, per\u00f2 sobretot, saber-la <\/span><b>REGULAR<\/b><span style=\"font-weight: 400;\">. \u00c9s a dir, <\/span><b>SER.<\/b><\/p>\n<p><span style=\"font-weight: 400;\">A partir d\u2019ara, des de l\u2019\u00e0rea de VALORS es continuar\u00e0 treballant aquestes idees, per intentar arribar a aquesta <\/span><b>IGUALTAT DE G\u00c8NERE<\/b><span style=\"font-weight: 400;\"> tant desitjada.<\/span><\/p>\n<p><span style=\"font-weight: 400;\">Podeu veure les activitats que es van fer en les seg\u00fcents <a href=\"https:\/\/drive.google.com\/drive\/folders\/1-IEuc5OWZz1LXOKsRVSWuZh0Fqy-26Yo?usp=sharing\">fotos i v\u00eddeos.<\/a><\/span><\/p>\n","protected":false},"excerpt":{"rendered":"<p>&nbsp;<br \/>\n<a href=\"https:\/\/agora.xtec.cat\/escolacampclar\/wp-content\/uploads\/usu687\/2019\/01\/coetren.png\"><\/a><br \/>\nEl passat dia 20 de novembre, els i les alumnes de 6\u00e8 van participar en el taller proposat pel COETREN, el tren de la coeducaci\u00f3, programa iniciat els curs passat sobre la igualtat de g\u00e8nere.<br \/>\nA partir d\u2019unes din\u00e0miques, van poder ser conscients de les&hellip;  <a href=\"https:\/\/agora.xtec.cat\/escolacampclar\/general\/coetren-igualtat-de-genere\/\" title=\"Read COETREN: IGUALTAT DE G\u00c8NERE\">Llegeix m\u00e9s\u00bb<\/a><\/p>\n","protected":false},"author":14,"featured_media":2161,"comment_status":"open","ping_status":"closed","sticky":false,"template":"","format":"standard","meta":{"_bbp_topic_count":0,"_bbp_reply_count":0,"_bbp_total_topic_count":0,"_bbp_total_reply_count":0,"_bbp_voice_count":0,"_bbp_anonymous_reply_count":0,"_bbp_topic_count_hidden":0,"_bbp_reply_count_hidden":0,"_bbp_forum_subforum_count":0,"footnotes":""},"categories":[26,1],"tags":[34,63],"class_list":["post-2128","post","type-post","status-publish","format-standard","has-post-thumbnail","hentry","category-cicle-superior","category-general","tag-campclar","tag-cicle-superior"],"post_mailing_queue_ids":[],"_links":{"self":[{"href":"https:\/\/agora.xtec.cat\/escolacampclar\/wp-json\/wp\/v2\/posts\/2128","targetHints":{"allow":["GET"]}}],"collection":[{"href":"https:\/\/agora.xtec.cat\/escolacampclar\/wp-json\/wp\/v2\/posts"}],"about":[{"href":"https:\/\/agora.xtec.cat\/escolacampclar\/wp-json\/wp\/v2\/types\/post"}],"author":[{"embeddable":true,"href":"https:\/\/agora.xtec.cat\/escolacampclar\/wp-json\/wp\/v2\/users\/14"}],"replies":[{"embeddable":true,"href":"https:\/\/agora.xtec.cat\/escolacampclar\/wp-json\/wp\/v2\/comments?post=2128"}],"version-history":[{"count":2,"href":"https:\/\/agora.xtec.cat\/escolacampclar\/wp-json\/wp\/v2\/posts\/2128\/revisions"}],"predecessor-version":[{"id":2164,"href":"https:\/\/agora.xtec.cat\/escolacampclar\/wp-json\/wp\/v2\/posts\/2128\/revisions\/2164"}],"wp:featuredmedia":[{"embeddable":true,"href":"https:\/\/agora.xtec.cat\/escolacampclar\/wp-json\/wp\/v2\/media\/2161"}],"wp:attachment":[{"href":"https:\/\/agora.xtec.cat\/escolacampclar\/wp-json\/wp\/v2\/media?parent=2128"}],"wp:term":[{"taxonomy":"category","embeddable":true,"href":"https:\/\/agora.xtec.cat\/escolacampclar\/wp-json\/wp\/v2\/categories?post=2128"},{"taxonomy":"post_tag","embeddable":true,"href":"https:\/\/agora.xtec.cat\/escolacampclar\/wp-json\/wp\/v2\/tags?post=2128"}],"curies":[{"name":"wp","href":"https:\/\/api.w.org\/{rel}","templated":true}]}}