{"id":2106,"date":"2018-12-05T12:30:49","date_gmt":"2018-12-05T11:30:49","guid":{"rendered":"http:\/\/agora.xtec.cat\/escolacampclar\/?p=2106"},"modified":"2018-12-05T12:30:49","modified_gmt":"2018-12-05T11:30:49","slug":"el-domingo-es-jubila","status":"publish","type":"post","link":"https:\/\/agora.xtec.cat\/escolacampclar\/general\/el-domingo-es-jubila\/","title":{"rendered":"El Domingo es jubila"},"content":{"rendered":"<p>Aquest mes de novembre es jubila el nostre estimat conserge, el Domingo. La directora del centre, Sra. Herminia Robles G\u00f3mez li vol dedicar unes paraules.<\/p>\n<p><strong>ACOMIADEM AL DOMINGO<\/strong><\/p>\n<p>&nbsp;<\/p>\n<p>El dimecres 28 vam fer una festa per acomiadar el nostre estimat conserge, \u00a0Domingo Vallv\u00e9.\u00a0 Li vam fer saber l\u2019 important que \u00e9s per tota la comunitat educativa, que el respectem i li estem molt agra\u00efts per cuidar tan b\u00e9 la nostra escola i per a seva total dedicaci\u00f3 m\u00e9s enll\u00e0 d\u2019una simple feina.<\/p>\n<p>Li vam desitjar que a la nova etapa gaudeixi d\u2019un merescut descans i faci\u00a0 all\u00f2 que m\u00e9s li agrada i sobretot que ens vingui a veure molt sovint . Sempre ser\u00e0s el nostre conserge i les portes de l\u2019escola sempre estaran obertes per tu.<\/p>\n<p><a href=\"https:\/\/drive.google.com\/open?id=1-ITsCTrW0PkhwKyr1wQqwxWfO9PW9v3C\">Clica aqu\u00ed per veure algunes imatges.<\/a><\/p>\n","protected":false},"excerpt":{"rendered":"<p>Aquest mes de novembre es jubila el nostre estimat conserge, el Domingo. La directora del centre, Sra. Herminia Robles G\u00f3mez li vol dedicar unes paraules.<br \/>\nACOMIADEM AL DOMINGO<br \/>\n&nbsp;<br \/>\nEl dimecres 28 vam fer una festa per acomiadar el nostre estimat conserge, \u00a0Domingo Vallv\u00e9.\u00a0 Li vam fer saber&hellip;  <a href=\"https:\/\/agora.xtec.cat\/escolacampclar\/general\/el-domingo-es-jubila\/\" title=\"Read El Domingo es jubila\">Llegeix m\u00e9s\u00bb<\/a><\/p>\n","protected":false},"author":14,"featured_media":2108,"comment_status":"open","ping_status":"closed","sticky":false,"template":"","format":"standard","meta":{"_bbp_topic_count":0,"_bbp_reply_count":0,"_bbp_total_topic_count":0,"_bbp_total_reply_count":0,"_bbp_voice_count":0,"_bbp_anonymous_reply_count":0,"_bbp_topic_count_hidden":0,"_bbp_reply_count_hidden":0,"_bbp_forum_subforum_count":0,"footnotes":""},"categories":[1],"tags":[310,44,309],"class_list":["post-2106","post","type-post","status-publish","format-standard","has-post-thumbnail","hentry","category-general","tag-domingo","tag-escola-campclar","tag-jubilacio"],"post_mailing_queue_ids":[],"_links":{"self":[{"href":"https:\/\/agora.xtec.cat\/escolacampclar\/wp-json\/wp\/v2\/posts\/2106","targetHints":{"allow":["GET"]}}],"collection":[{"href":"https:\/\/agora.xtec.cat\/escolacampclar\/wp-json\/wp\/v2\/posts"}],"about":[{"href":"https:\/\/agora.xtec.cat\/escolacampclar\/wp-json\/wp\/v2\/types\/post"}],"author":[{"embeddable":true,"href":"https:\/\/agora.xtec.cat\/escolacampclar\/wp-json\/wp\/v2\/users\/14"}],"replies":[{"embeddable":true,"href":"https:\/\/agora.xtec.cat\/escolacampclar\/wp-json\/wp\/v2\/comments?post=2106"}],"version-history":[{"count":2,"href":"https:\/\/agora.xtec.cat\/escolacampclar\/wp-json\/wp\/v2\/posts\/2106\/revisions"}],"predecessor-version":[{"id":2109,"href":"https:\/\/agora.xtec.cat\/escolacampclar\/wp-json\/wp\/v2\/posts\/2106\/revisions\/2109"}],"wp:featuredmedia":[{"embeddable":true,"href":"https:\/\/agora.xtec.cat\/escolacampclar\/wp-json\/wp\/v2\/media\/2108"}],"wp:attachment":[{"href":"https:\/\/agora.xtec.cat\/escolacampclar\/wp-json\/wp\/v2\/media?parent=2106"}],"wp:term":[{"taxonomy":"category","embeddable":true,"href":"https:\/\/agora.xtec.cat\/escolacampclar\/wp-json\/wp\/v2\/categories?post=2106"},{"taxonomy":"post_tag","embeddable":true,"href":"https:\/\/agora.xtec.cat\/escolacampclar\/wp-json\/wp\/v2\/tags?post=2106"}],"curies":[{"name":"wp","href":"https:\/\/api.w.org\/{rel}","templated":true}]}}