{"id":2100,"date":"2018-11-20T21:17:28","date_gmt":"2018-11-20T20:17:28","guid":{"rendered":"http:\/\/agora.xtec.cat\/escolacampclar\/?p=2100"},"modified":"2018-11-20T21:20:45","modified_gmt":"2018-11-20T20:20:45","slug":"dia-universal-dels-drets-dels-infants","status":"publish","type":"post","link":"https:\/\/agora.xtec.cat\/escolacampclar\/general\/dia-universal-dels-drets-dels-infants\/","title":{"rendered":"Dia Universal dels Drets dels Infants"},"content":{"rendered":"<p>Avui dia 20 de novembre \u00e9s el Dia Universal dels Drets dels Infants i els alumnes de 3r han fet un petit homenatge a tots els nens\/es d\u2019arreu del m\u00f3n.<\/p>\n<p>Hem parlat dels DRETS, per\u00f2 tamb\u00e9 de la import\u00e0ncia de respectar unes obligacions i responsabilitats.<br \/>\nUNICEF treballa tot l&#8217;any per aconseguir canvis reals en la vida dels nens i les nenes, i el Dia Universal del Nen \u00e9s un moment clau per sumar-nos a aquesta crida mundial a favor de la inf\u00e0ncia i dels nens m\u00e9s vulnerables.<br \/>\nEsperem que us agradi!<\/p>\n<p><iframe loading=\"lazy\" title=\"Escola Campclar\" width=\"500\" height=\"281\" src=\"https:\/\/www.youtube.com\/embed\/2lLAvyt02Pw?feature=oembed\" frameborder=\"0\" allow=\"accelerometer; autoplay; clipboard-write; encrypted-media; gyroscope; picture-in-picture; web-share\" referrerpolicy=\"strict-origin-when-cross-origin\" allowfullscreen><\/iframe><\/p>\n<p><a href=\"https:\/\/agora.xtec.cat\/escolacampclar\/wp-content\/uploads\/usu687\/2018\/11\/Campclar-portada.jpg\"><img loading=\"lazy\" decoding=\"async\" class=\"alignnone  wp-image-2101\" src=\"https:\/\/agora.xtec.cat\/escolacampclar\/wp-content\/uploads\/usu687\/2018\/11\/Campclar-portada-1024x429.jpg\" alt=\"\" width=\"561\" height=\"235\" srcset=\"https:\/\/agora.xtec.cat\/escolacampclar\/wp-content\/uploads\/usu687\/2018\/11\/Campclar-portada-1024x429.jpg 1024w, https:\/\/agora.xtec.cat\/escolacampclar\/wp-content\/uploads\/usu687\/2018\/11\/Campclar-portada-300x126.jpg 300w, https:\/\/agora.xtec.cat\/escolacampclar\/wp-content\/uploads\/usu687\/2018\/11\/Campclar-portada-768x322.jpg 768w, https:\/\/agora.xtec.cat\/escolacampclar\/wp-content\/uploads\/usu687\/2018\/11\/Campclar-portada.jpg 1210w\" sizes=\"auto, (max-width: 561px) 100vw, 561px\" \/><\/a><\/p>\n","protected":false},"excerpt":{"rendered":"<p>Avui dia 20 de novembre \u00e9s el Dia Universal dels Drets dels Infants i els alumnes de 3r han fet un petit homenatge a tots els nens\/es d\u2019arreu del m\u00f3n.<br \/>\nHem parlat dels DRETS, per\u00f2 tamb\u00e9 de la import\u00e0ncia de respectar unes obligacions i responsabilitats.<br \/>\nUNICEF treballa&hellip;  <a href=\"https:\/\/agora.xtec.cat\/escolacampclar\/general\/dia-universal-dels-drets-dels-infants\/\" title=\"Read Dia Universal dels Drets dels Infants\">Llegeix m\u00e9s\u00bb<\/a><\/p>\n","protected":false},"author":14,"featured_media":2101,"comment_status":"open","ping_status":"closed","sticky":false,"template":"","format":"standard","meta":{"_bbp_topic_count":0,"_bbp_reply_count":0,"_bbp_total_topic_count":0,"_bbp_total_reply_count":0,"_bbp_voice_count":0,"_bbp_anonymous_reply_count":0,"_bbp_topic_count_hidden":0,"_bbp_reply_count_hidden":0,"_bbp_forum_subforum_count":0,"footnotes":""},"categories":[25,1],"tags":[100,34,37,44,55],"class_list":["post-2100","post","type-post","status-publish","format-standard","has-post-thumbnail","hentry","category-cicle-mitja","category-general","tag-3r","tag-campclar","tag-cicle-mitja-2","tag-escola-campclar","tag-tarragona"],"post_mailing_queue_ids":[],"_links":{"self":[{"href":"https:\/\/agora.xtec.cat\/escolacampclar\/wp-json\/wp\/v2\/posts\/2100","targetHints":{"allow":["GET"]}}],"collection":[{"href":"https:\/\/agora.xtec.cat\/escolacampclar\/wp-json\/wp\/v2\/posts"}],"about":[{"href":"https:\/\/agora.xtec.cat\/escolacampclar\/wp-json\/wp\/v2\/types\/post"}],"author":[{"embeddable":true,"href":"https:\/\/agora.xtec.cat\/escolacampclar\/wp-json\/wp\/v2\/users\/14"}],"replies":[{"embeddable":true,"href":"https:\/\/agora.xtec.cat\/escolacampclar\/wp-json\/wp\/v2\/comments?post=2100"}],"version-history":[{"count":3,"href":"https:\/\/agora.xtec.cat\/escolacampclar\/wp-json\/wp\/v2\/posts\/2100\/revisions"}],"predecessor-version":[{"id":2105,"href":"https:\/\/agora.xtec.cat\/escolacampclar\/wp-json\/wp\/v2\/posts\/2100\/revisions\/2105"}],"wp:featuredmedia":[{"embeddable":true,"href":"https:\/\/agora.xtec.cat\/escolacampclar\/wp-json\/wp\/v2\/media\/2101"}],"wp:attachment":[{"href":"https:\/\/agora.xtec.cat\/escolacampclar\/wp-json\/wp\/v2\/media?parent=2100"}],"wp:term":[{"taxonomy":"category","embeddable":true,"href":"https:\/\/agora.xtec.cat\/escolacampclar\/wp-json\/wp\/v2\/categories?post=2100"},{"taxonomy":"post_tag","embeddable":true,"href":"https:\/\/agora.xtec.cat\/escolacampclar\/wp-json\/wp\/v2\/tags?post=2100"}],"curies":[{"name":"wp","href":"https:\/\/api.w.org\/{rel}","templated":true}]}}