{"id":2093,"date":"2018-12-14T09:00:59","date_gmt":"2018-12-14T08:00:59","guid":{"rendered":"http:\/\/agora.xtec.cat\/escolacampclar\/?p=2093"},"modified":"2018-12-13T12:01:46","modified_gmt":"2018-12-13T11:01:46","slug":"taller-de-laigua","status":"publish","type":"post","link":"https:\/\/agora.xtec.cat\/escolacampclar\/general\/taller-de-laigua\/","title":{"rendered":"Taller de l&#8217;aigua"},"content":{"rendered":"<p>&nbsp;<\/p>\n<p><img loading=\"lazy\" decoding=\"async\" class=\"attachment-266x266 aligncenter\" src=\"https:\/\/agora.xtec.cat\/escolacampclar\/wp-content\/uploads\/usu687\/2018\/11\/Collage-2018-11-12-17_40_41-300x300.jpg\" sizes=\"auto, (max-width: 266px) 100vw, 266px\" srcset=\"https:\/\/agora.xtec.cat\/escolacampclar\/wp-content\/uploads\/usu687\/2018\/11\/Collage-2018-11-12-17_40_41-300x300.jpg 300w, https:\/\/agora.xtec.cat\/escolacampclar\/wp-content\/uploads\/usu687\/2018\/11\/Collage-2018-11-12-17_40_41-150x150.jpg 150w, https:\/\/agora.xtec.cat\/escolacampclar\/wp-content\/uploads\/usu687\/2018\/11\/Collage-2018-11-12-17_40_41-768x768.jpg 768w, https:\/\/agora.xtec.cat\/escolacampclar\/wp-content\/uploads\/usu687\/2018\/11\/Collage-2018-11-12-17_40_41-1024x1024.jpg 1024w, https:\/\/agora.xtec.cat\/escolacampclar\/wp-content\/uploads\/usu687\/2018\/11\/Collage-2018-11-12-17_40_41.jpg 1080w\" alt=\"\" width=\"357\" height=\"357\" \/><\/p>\n<p>&nbsp;<\/p>\n<p>&nbsp;<\/p>\n<p>Fa uns dies les classes de 5\u00e8 A i 5\u00e8 B van fer el taller de l&#8217;aigua. Van treballar amb materials\u00a0<span style=\"font-family: inherit; font-size: 1em;\">vistosos i recursos educatius en suport electr\u00f2nic. <\/span><\/p>\n<p><span style=\"font-family: inherit; font-size: 1em;\">Amb la<\/span>\u00a0finalitat de conscienciar sobre la import\u00e0ncia de fer un \u00fas sostenible i eficient de l&#8217;aigua i com s&#8217;aplica la tecnologia per a la gesti\u00f3 de l&#8217;aigua.<\/p>\n<p>En el seg\u00fcent enlla\u00e7 podreu veure les <a href=\"https:\/\/drive.google.com\/open?id=1ymujTvoKblsFfhq-0X0WD1aIEXAqcGYB\">fotografies<\/a>.<\/p>\n","protected":false},"excerpt":{"rendered":"<p>&nbsp;<\/p>\n<p>&nbsp;<br \/>\n&nbsp;<br \/>\nFa uns dies les classes de 5\u00e8 A i 5\u00e8 B van fer el taller de l&#8217;aigua. Van treballar amb materials\u00a0vistosos i recursos educatius en suport electr\u00f2nic.<br \/>\nAmb la\u00a0finalitat de conscienciar sobre la import\u00e0ncia de fer un \u00fas sostenible i eficient de l&#8217;aigua i com&hellip;  <a href=\"https:\/\/agora.xtec.cat\/escolacampclar\/general\/taller-de-laigua\/\" title=\"Read Taller de l&#8217;aigua\">Llegeix m\u00e9s\u00bb<\/a><\/p>\n","protected":false},"author":14,"featured_media":2094,"comment_status":"open","ping_status":"closed","sticky":false,"template":"","format":"standard","meta":{"_bbp_topic_count":0,"_bbp_reply_count":0,"_bbp_total_topic_count":0,"_bbp_total_reply_count":0,"_bbp_voice_count":0,"_bbp_anonymous_reply_count":0,"_bbp_topic_count_hidden":0,"_bbp_reply_count_hidden":0,"_bbp_forum_subforum_count":0,"footnotes":""},"categories":[26,1],"tags":[63,44],"class_list":["post-2093","post","type-post","status-publish","format-standard","has-post-thumbnail","hentry","category-cicle-superior","category-general","tag-cicle-superior","tag-escola-campclar"],"post_mailing_queue_ids":[],"_links":{"self":[{"href":"https:\/\/agora.xtec.cat\/escolacampclar\/wp-json\/wp\/v2\/posts\/2093","targetHints":{"allow":["GET"]}}],"collection":[{"href":"https:\/\/agora.xtec.cat\/escolacampclar\/wp-json\/wp\/v2\/posts"}],"about":[{"href":"https:\/\/agora.xtec.cat\/escolacampclar\/wp-json\/wp\/v2\/types\/post"}],"author":[{"embeddable":true,"href":"https:\/\/agora.xtec.cat\/escolacampclar\/wp-json\/wp\/v2\/users\/14"}],"replies":[{"embeddable":true,"href":"https:\/\/agora.xtec.cat\/escolacampclar\/wp-json\/wp\/v2\/comments?post=2093"}],"version-history":[{"count":1,"href":"https:\/\/agora.xtec.cat\/escolacampclar\/wp-json\/wp\/v2\/posts\/2093\/revisions"}],"predecessor-version":[{"id":2095,"href":"https:\/\/agora.xtec.cat\/escolacampclar\/wp-json\/wp\/v2\/posts\/2093\/revisions\/2095"}],"wp:featuredmedia":[{"embeddable":true,"href":"https:\/\/agora.xtec.cat\/escolacampclar\/wp-json\/wp\/v2\/media\/2094"}],"wp:attachment":[{"href":"https:\/\/agora.xtec.cat\/escolacampclar\/wp-json\/wp\/v2\/media?parent=2093"}],"wp:term":[{"taxonomy":"category","embeddable":true,"href":"https:\/\/agora.xtec.cat\/escolacampclar\/wp-json\/wp\/v2\/categories?post=2093"},{"taxonomy":"post_tag","embeddable":true,"href":"https:\/\/agora.xtec.cat\/escolacampclar\/wp-json\/wp\/v2\/tags?post=2093"}],"curies":[{"name":"wp","href":"https:\/\/api.w.org\/{rel}","templated":true}]}}