{"id":2069,"date":"2018-11-05T13:30:12","date_gmt":"2018-11-05T12:30:12","guid":{"rendered":"http:\/\/agora.xtec.cat\/escolacampclar\/?p=2069"},"modified":"2018-11-05T13:30:12","modified_gmt":"2018-11-05T12:30:12","slug":"celebrem-la-castanyada-amb-una-visita-molt-especial","status":"publish","type":"post","link":"https:\/\/agora.xtec.cat\/escolacampclar\/general\/celebrem-la-castanyada-amb-una-visita-molt-especial\/","title":{"rendered":"Celebrem la castanyada amb una visita molt especial"},"content":{"rendered":"<p>El dia 31 d&#8217;octubre, durant el amt\u00ed vam rebre una visita molt especial a l&#8217;escola. La Maria Castanyera i el gat Marrameu ens van portar castanyes fresques de la muntanya, a m\u00e9s de cantar i ballar can\u00e7ons amb tots els nens\/es de l&#8217;escola.<\/p>\n<p>Els alumnes de cicle superior van ser els encarregats de reoartir les castanyes a les aules, a m\u00e9s de ballar i cantar can\u00e7ons t\u00edpiques per celebrar el dia de la castanyada tots plegats.<\/p>\n<p>Que gaudiu d&#8217;una dol\u00e7a tardor!<\/p>\n<p>Podeu veure les fotos <a href=\"https:\/\/drive.google.com\/open?id=1-d3sxtPYO4JL3Dt_qj4lu1PjW3Z1eDbo\">clicant aqu\u00ed.<\/a><\/p>\n","protected":false},"excerpt":{"rendered":"<p>El dia 31 d&#8217;octubre, durant el amt\u00ed vam rebre una visita molt especial a l&#8217;escola. La Maria Castanyera i el gat Marrameu ens van portar castanyes fresques de la muntanya, a m\u00e9s de cantar i ballar can\u00e7ons amb tots els nens\/es de l&#8217;escola.<br \/>\nEls alumnes de&hellip;  <a href=\"https:\/\/agora.xtec.cat\/escolacampclar\/general\/celebrem-la-castanyada-amb-una-visita-molt-especial\/\" title=\"Read Celebrem la castanyada amb una visita molt especial\">Llegeix m\u00e9s\u00bb<\/a><\/p>\n","protected":false},"author":14,"featured_media":2070,"comment_status":"open","ping_status":"closed","sticky":false,"template":"","format":"standard","meta":{"_bbp_topic_count":0,"_bbp_reply_count":0,"_bbp_total_topic_count":0,"_bbp_total_reply_count":0,"_bbp_voice_count":0,"_bbp_anonymous_reply_count":0,"_bbp_topic_count_hidden":0,"_bbp_reply_count_hidden":0,"_bbp_forum_subforum_count":0,"footnotes":""},"categories":[24,25,26,29,1],"tags":[307,308,44,222],"class_list":["post-2069","post","type-post","status-publish","format-standard","has-post-thumbnail","hentry","category-cicle-inicial","category-cicle-mitja","category-cicle-superior","category-festes","category-general","tag-castanyada","tag-catalunya","tag-escola-campclar","tag-tradicions"],"post_mailing_queue_ids":[],"_links":{"self":[{"href":"https:\/\/agora.xtec.cat\/escolacampclar\/wp-json\/wp\/v2\/posts\/2069","targetHints":{"allow":["GET"]}}],"collection":[{"href":"https:\/\/agora.xtec.cat\/escolacampclar\/wp-json\/wp\/v2\/posts"}],"about":[{"href":"https:\/\/agora.xtec.cat\/escolacampclar\/wp-json\/wp\/v2\/types\/post"}],"author":[{"embeddable":true,"href":"https:\/\/agora.xtec.cat\/escolacampclar\/wp-json\/wp\/v2\/users\/14"}],"replies":[{"embeddable":true,"href":"https:\/\/agora.xtec.cat\/escolacampclar\/wp-json\/wp\/v2\/comments?post=2069"}],"version-history":[{"count":1,"href":"https:\/\/agora.xtec.cat\/escolacampclar\/wp-json\/wp\/v2\/posts\/2069\/revisions"}],"predecessor-version":[{"id":2071,"href":"https:\/\/agora.xtec.cat\/escolacampclar\/wp-json\/wp\/v2\/posts\/2069\/revisions\/2071"}],"wp:featuredmedia":[{"embeddable":true,"href":"https:\/\/agora.xtec.cat\/escolacampclar\/wp-json\/wp\/v2\/media\/2070"}],"wp:attachment":[{"href":"https:\/\/agora.xtec.cat\/escolacampclar\/wp-json\/wp\/v2\/media?parent=2069"}],"wp:term":[{"taxonomy":"category","embeddable":true,"href":"https:\/\/agora.xtec.cat\/escolacampclar\/wp-json\/wp\/v2\/categories?post=2069"},{"taxonomy":"post_tag","embeddable":true,"href":"https:\/\/agora.xtec.cat\/escolacampclar\/wp-json\/wp\/v2\/tags?post=2069"}],"curies":[{"name":"wp","href":"https:\/\/api.w.org\/{rel}","templated":true}]}}