{"id":2060,"date":"2018-10-29T13:31:40","date_gmt":"2018-10-29T12:31:40","guid":{"rendered":"http:\/\/agora.xtec.cat\/escolacampclar\/?p=2060"},"modified":"2018-10-29T13:31:40","modified_gmt":"2018-10-29T12:31:40","slug":"suport-vital-basic","status":"publish","type":"post","link":"https:\/\/agora.xtec.cat\/escolacampclar\/general\/suport-vital-basic\/","title":{"rendered":"Suport vital B\u00e0sic"},"content":{"rendered":"<p>El dijous 25 d&#8217;octubre vam celebrar un acte recordant la import\u00e0ncia de con\u00e8ixer la cadena de salvament i RCP. L&#8217;escola fa molts anys que participa del projecte impulsat per la Generalitat i que es du a terme a tota Catalunya.<\/p>\n<p>Els alumnes desde p3 fins a sis\u00e8 coneixent algun dels passos de la cadena i l&#8217;apliquen, comencem per trucar al 112 i acabem fent una reanimaci\u00f3 cardiopulmonar a cicle superior.<\/p>\n<p><a href=\"https:\/\/drive.google.com\/open?id=1-_e7_nDDiNISlyDLe7UjnhtH4BkTa0CJ\">Clica aqu\u00ed per veure unes imatges.<\/a><\/p>\n","protected":false},"excerpt":{"rendered":"<p>El dijous 25 d&#8217;octubre vam celebrar un acte recordant la import\u00e0ncia de con\u00e8ixer la cadena de salvament i RCP. L&#8217;escola fa molts anys que participa del projecte impulsat per la Generalitat i que es du a terme a tota Catalunya.<br \/>\nEls alumnes desde p3 fins a&hellip;  <a href=\"https:\/\/agora.xtec.cat\/escolacampclar\/general\/suport-vital-basic\/\" title=\"Read Suport vital B\u00e0sic\">Llegeix m\u00e9s\u00bb<\/a><\/p>\n","protected":false},"author":14,"featured_media":2062,"comment_status":"open","ping_status":"closed","sticky":false,"template":"","format":"standard","meta":{"_bbp_topic_count":0,"_bbp_reply_count":0,"_bbp_total_topic_count":0,"_bbp_total_reply_count":0,"_bbp_voice_count":0,"_bbp_anonymous_reply_count":0,"_bbp_topic_count_hidden":0,"_bbp_reply_count_hidden":0,"_bbp_forum_subforum_count":0,"footnotes":""},"categories":[24,25,26,27,1],"tags":[306,305],"class_list":["post-2060","post","type-post","status-publish","format-standard","has-post-thumbnail","hentry","category-cicle-inicial","category-cicle-mitja","category-cicle-superior","category-e-fisica","category-general","tag-rcp","tag-suport-vital-basic"],"post_mailing_queue_ids":[],"_links":{"self":[{"href":"https:\/\/agora.xtec.cat\/escolacampclar\/wp-json\/wp\/v2\/posts\/2060","targetHints":{"allow":["GET"]}}],"collection":[{"href":"https:\/\/agora.xtec.cat\/escolacampclar\/wp-json\/wp\/v2\/posts"}],"about":[{"href":"https:\/\/agora.xtec.cat\/escolacampclar\/wp-json\/wp\/v2\/types\/post"}],"author":[{"embeddable":true,"href":"https:\/\/agora.xtec.cat\/escolacampclar\/wp-json\/wp\/v2\/users\/14"}],"replies":[{"embeddable":true,"href":"https:\/\/agora.xtec.cat\/escolacampclar\/wp-json\/wp\/v2\/comments?post=2060"}],"version-history":[{"count":1,"href":"https:\/\/agora.xtec.cat\/escolacampclar\/wp-json\/wp\/v2\/posts\/2060\/revisions"}],"predecessor-version":[{"id":2063,"href":"https:\/\/agora.xtec.cat\/escolacampclar\/wp-json\/wp\/v2\/posts\/2060\/revisions\/2063"}],"wp:featuredmedia":[{"embeddable":true,"href":"https:\/\/agora.xtec.cat\/escolacampclar\/wp-json\/wp\/v2\/media\/2062"}],"wp:attachment":[{"href":"https:\/\/agora.xtec.cat\/escolacampclar\/wp-json\/wp\/v2\/media?parent=2060"}],"wp:term":[{"taxonomy":"category","embeddable":true,"href":"https:\/\/agora.xtec.cat\/escolacampclar\/wp-json\/wp\/v2\/categories?post=2060"},{"taxonomy":"post_tag","embeddable":true,"href":"https:\/\/agora.xtec.cat\/escolacampclar\/wp-json\/wp\/v2\/tags?post=2060"}],"curies":[{"name":"wp","href":"https:\/\/api.w.org\/{rel}","templated":true}]}}