{"id":2056,"date":"2018-10-24T16:14:10","date_gmt":"2018-10-24T14:14:10","guid":{"rendered":"http:\/\/agora.xtec.cat\/escolacampclar\/?p=2056"},"modified":"2018-10-24T16:14:10","modified_gmt":"2018-10-24T14:14:10","slug":"a-cicle-inicial-anirem-dexcursio-a-picamoixons","status":"publish","type":"post","link":"https:\/\/agora.xtec.cat\/escolacampclar\/general\/a-cicle-inicial-anirem-dexcursio-a-picamoixons\/","title":{"rendered":"A cicle inicial anirem d&#8217;excursi\u00f3 a Picamoixons!"},"content":{"rendered":"<p><strong>El dia 14 de novembre<\/strong>, els alumnes de cicle inicial visitarem el poble de <strong>Picamoixons<\/strong> per treballar i observar l&#8217;estaci\u00f3 de la tardor en el nostre entorn m\u00e9s proper.<\/p>\n<p>A Picamoixons, treballarem l&#8217;arbre de l&#8217;olivera, i per aquest motiu ja hem comen\u00e7at a fer un treball previ a l&#8217;escola, buscant informaci\u00f3 i buscant tamb\u00e9 oliveres dins del nostre centre, aix\u00ed l&#8217;hem tocat i dibuixat abans de fer la sortida.<\/p>\n<p>Tenim moltes ganes de fer aquesta excursi\u00f3 de la tardor! Quina emoci\u00f3!<\/p>\n<p>&nbsp;<\/p>\n","protected":false},"excerpt":{"rendered":"<p>El dia 14 de novembre, els alumnes de cicle inicial visitarem el poble de Picamoixons per treballar i observar l&#8217;estaci\u00f3 de la tardor en el nostre entorn m\u00e9s proper.<br \/>\nA Picamoixons, treballarem l&#8217;arbre de l&#8217;olivera, i per aquest motiu ja hem comen\u00e7at a fer un treball&hellip;  <a href=\"https:\/\/agora.xtec.cat\/escolacampclar\/general\/a-cicle-inicial-anirem-dexcursio-a-picamoixons\/\" title=\"Read A cicle inicial anirem d&#8217;excursi\u00f3 a Picamoixons!\">Llegeix m\u00e9s\u00bb<\/a><\/p>\n","protected":false},"author":15,"featured_media":2058,"comment_status":"open","ping_status":"closed","sticky":false,"template":"","format":"standard","meta":{"_bbp_topic_count":0,"_bbp_reply_count":0,"_bbp_total_topic_count":0,"_bbp_total_reply_count":0,"_bbp_voice_count":0,"_bbp_anonymous_reply_count":0,"_bbp_topic_count_hidden":0,"_bbp_reply_count_hidden":0,"_bbp_forum_subforum_count":0,"footnotes":""},"categories":[24,1],"tags":[36,44,304,68],"class_list":["post-2056","post","type-post","status-publish","format-standard","has-post-thumbnail","hentry","category-cicle-inicial","category-general","tag-cicle-inicial","tag-escola-campclar","tag-picamoixons","tag-sortida"],"post_mailing_queue_ids":[],"_links":{"self":[{"href":"https:\/\/agora.xtec.cat\/escolacampclar\/wp-json\/wp\/v2\/posts\/2056","targetHints":{"allow":["GET"]}}],"collection":[{"href":"https:\/\/agora.xtec.cat\/escolacampclar\/wp-json\/wp\/v2\/posts"}],"about":[{"href":"https:\/\/agora.xtec.cat\/escolacampclar\/wp-json\/wp\/v2\/types\/post"}],"author":[{"embeddable":true,"href":"https:\/\/agora.xtec.cat\/escolacampclar\/wp-json\/wp\/v2\/users\/15"}],"replies":[{"embeddable":true,"href":"https:\/\/agora.xtec.cat\/escolacampclar\/wp-json\/wp\/v2\/comments?post=2056"}],"version-history":[{"count":2,"href":"https:\/\/agora.xtec.cat\/escolacampclar\/wp-json\/wp\/v2\/posts\/2056\/revisions"}],"predecessor-version":[{"id":2059,"href":"https:\/\/agora.xtec.cat\/escolacampclar\/wp-json\/wp\/v2\/posts\/2056\/revisions\/2059"}],"wp:featuredmedia":[{"embeddable":true,"href":"https:\/\/agora.xtec.cat\/escolacampclar\/wp-json\/wp\/v2\/media\/2058"}],"wp:attachment":[{"href":"https:\/\/agora.xtec.cat\/escolacampclar\/wp-json\/wp\/v2\/media?parent=2056"}],"wp:term":[{"taxonomy":"category","embeddable":true,"href":"https:\/\/agora.xtec.cat\/escolacampclar\/wp-json\/wp\/v2\/categories?post=2056"},{"taxonomy":"post_tag","embeddable":true,"href":"https:\/\/agora.xtec.cat\/escolacampclar\/wp-json\/wp\/v2\/tags?post=2056"}],"curies":[{"name":"wp","href":"https:\/\/api.w.org\/{rel}","templated":true}]}}