{"id":2052,"date":"2018-10-22T18:13:36","date_gmt":"2018-10-22T16:13:36","guid":{"rendered":"http:\/\/agora.xtec.cat\/escolacampclar\/?p=2052"},"modified":"2018-10-22T18:15:02","modified_gmt":"2018-10-22T16:15:02","slug":"projecte-de-la-vibria-a-cicle-inicial","status":"publish","type":"post","link":"https:\/\/agora.xtec.cat\/escolacampclar\/general\/projecte-de-la-vibria-a-cicle-inicial\/","title":{"rendered":"PROJECTE DE LA V\u00cdBRIA A CICLE INICIAL"},"content":{"rendered":"<p>Durant els mesos de setembre i octubre hem estat treballant el projecte de <strong>LA V\u00cdBRIA<\/strong>, a trav\u00e9s dels nostres coneixements hem anat descobrint, investigant, obervant, preguntant&#8230;.i hem descobert coses que no sab\u00edem de la V\u00edbria, fins i tot coses que creiem que eren diferents.<\/p>\n<p>Som un gran equip! Entre tots hem anat fent aquest petit viatge al m\u00f3n de les b\u00e9sties del nostre seguici de Tarragona. Ha estat apassionant poder-la rebre a la nostra escola com el que \u00e9s, UNA GRAN B\u00c8STIA DE FOC!!<\/p>\n<p>Van venir a fer-nos tamb\u00e9 un taller per con\u00e8ixer m\u00e9s coses sobre els elements del nostre seguici! Ja som tots uns experts! Fins i tot vam fer un petit seguici al pati de l&#8217;escola.<\/p>\n<p>Us deixem un seguit de fotos de tot el treball que hem estat fent al cicle inicial i tamb\u00e9 les visites que hem fet als altres cicles per explicar el nostre projecte.<\/p>\n<p>Passeu-ho b\u00e9!!<\/p>\n<p><a href=\"https:\/\/drive.google.com\/open?id=1mQQA3hH8Ih3jgp9E6K354LtkYYQnTJW6\">FOTOS DEL PROJECTE<\/a><\/p>\n","protected":false},"excerpt":{"rendered":"<p>Durant els mesos de setembre i octubre hem estat treballant el projecte de LA V\u00cdBRIA, a trav\u00e9s dels nostres coneixements hem anat descobrint, investigant, obervant, preguntant&#8230;.i hem descobert coses que no sab\u00edem de la V\u00edbria, fins i tot coses que creiem que eren diferents.<br \/>\nSom un&hellip;  <a href=\"https:\/\/agora.xtec.cat\/escolacampclar\/general\/projecte-de-la-vibria-a-cicle-inicial\/\" title=\"Read PROJECTE DE LA V\u00cdBRIA A CICLE INICIAL\">Llegeix m\u00e9s\u00bb<\/a><\/p>\n","protected":false},"author":15,"featured_media":2053,"comment_status":"open","ping_status":"closed","sticky":false,"template":"","format":"standard","meta":{"_bbp_topic_count":0,"_bbp_reply_count":0,"_bbp_total_topic_count":0,"_bbp_total_reply_count":0,"_bbp_voice_count":0,"_bbp_anonymous_reply_count":0,"_bbp_topic_count_hidden":0,"_bbp_reply_count_hidden":0,"_bbp_forum_subforum_count":0,"footnotes":""},"categories":[24,1],"tags":[36,44,87,53],"class_list":["post-2052","post","type-post","status-publish","format-standard","has-post-thumbnail","hentry","category-cicle-inicial","category-general","tag-cicle-inicial","tag-escola-campclar","tag-projecte","tag-santa-tecla"],"post_mailing_queue_ids":[],"_links":{"self":[{"href":"https:\/\/agora.xtec.cat\/escolacampclar\/wp-json\/wp\/v2\/posts\/2052","targetHints":{"allow":["GET"]}}],"collection":[{"href":"https:\/\/agora.xtec.cat\/escolacampclar\/wp-json\/wp\/v2\/posts"}],"about":[{"href":"https:\/\/agora.xtec.cat\/escolacampclar\/wp-json\/wp\/v2\/types\/post"}],"author":[{"embeddable":true,"href":"https:\/\/agora.xtec.cat\/escolacampclar\/wp-json\/wp\/v2\/users\/15"}],"replies":[{"embeddable":true,"href":"https:\/\/agora.xtec.cat\/escolacampclar\/wp-json\/wp\/v2\/comments?post=2052"}],"version-history":[{"count":1,"href":"https:\/\/agora.xtec.cat\/escolacampclar\/wp-json\/wp\/v2\/posts\/2052\/revisions"}],"predecessor-version":[{"id":2054,"href":"https:\/\/agora.xtec.cat\/escolacampclar\/wp-json\/wp\/v2\/posts\/2052\/revisions\/2054"}],"wp:featuredmedia":[{"embeddable":true,"href":"https:\/\/agora.xtec.cat\/escolacampclar\/wp-json\/wp\/v2\/media\/2053"}],"wp:attachment":[{"href":"https:\/\/agora.xtec.cat\/escolacampclar\/wp-json\/wp\/v2\/media?parent=2052"}],"wp:term":[{"taxonomy":"category","embeddable":true,"href":"https:\/\/agora.xtec.cat\/escolacampclar\/wp-json\/wp\/v2\/categories?post=2052"},{"taxonomy":"post_tag","embeddable":true,"href":"https:\/\/agora.xtec.cat\/escolacampclar\/wp-json\/wp\/v2\/tags?post=2052"}],"curies":[{"name":"wp","href":"https:\/\/api.w.org\/{rel}","templated":true}]}}