{"id":2036,"date":"2018-10-19T12:00:15","date_gmt":"2018-10-19T10:00:15","guid":{"rendered":"http:\/\/agora.xtec.cat\/escolacampclar\/?p=2036"},"modified":"2018-10-19T09:17:57","modified_gmt":"2018-10-19T07:17:57","slug":"fem-un-castell-2","status":"publish","type":"post","link":"https:\/\/agora.xtec.cat\/escolacampclar\/general\/fem-un-castell-2\/","title":{"rendered":"Fem un castell?"},"content":{"rendered":"<p style=\"text-align: left;\"><a href=\"https:\/\/agora.xtec.cat\/escolacampclar\/wp-content\/uploads\/usu687\/2018\/10\/castells-portada.jpg\"><strong>Fem un castell?<\/strong><img loading=\"lazy\" decoding=\"async\" class=\"size-full wp-image-2037 aligncenter\" src=\"https:\/\/agora.xtec.cat\/escolacampclar\/wp-content\/uploads\/usu687\/2018\/10\/castells-portada.jpg\" alt=\"\" width=\"490\" height=\"492\" srcset=\"https:\/\/agora.xtec.cat\/escolacampclar\/wp-content\/uploads\/usu687\/2018\/10\/castells-portada.jpg 490w, https:\/\/agora.xtec.cat\/escolacampclar\/wp-content\/uploads\/usu687\/2018\/10\/castells-portada-150x150.jpg 150w, https:\/\/agora.xtec.cat\/escolacampclar\/wp-content\/uploads\/usu687\/2018\/10\/castells-portada-300x300.jpg 300w\" sizes=\"auto, (max-width: 490px) 100vw, 490px\" \/><\/a>L&#8217;Aurora \u00e9s la coordinadora de colles castelleres de Catalunya, i ens ha vingut a l&#8217;escola a explicar-nos amb molta paci\u00e8ncia aquesta tradici\u00f3 catalana\u00a0popularment conegudes com castells.<\/p>\n<p>Amb la seva xerrada vam aprendre moltes curiositats dels castells, des del seu orige fins a les colles que tenim a la ciutat de Tarragona. Aquesta tradici\u00f3 catalana ens ensenya la import\u00e0ncia del treball en grup, l&#8217;esfor\u00e7 i els valors dels petits i grans per arribar a construir torres solvents i altes.<\/p>\n<p>Ens ho hem passat molt b\u00e9!!! Mil gr\u00e0cies per la teva visita, Aurora!<\/p>\n<p>Podeu veure algunes imatges en aquest <a href=\"https:\/\/drive.google.com\/drive\/folders\/1-36sa1J7rLvVhi5WqiqLicrta2D0_APS?usp=sharing\">enlla\u00e7<\/a><\/p>\n","protected":false},"excerpt":{"rendered":"<p><a href=\"https:\/\/agora.xtec.cat\/escolacampclar\/wp-content\/uploads\/usu687\/2018\/10\/castells-portada.jpg\">Fem un castell?<\/a>L&#8217;Aurora \u00e9s la coordinadora de colles castelleres de Catalunya, i ens ha vingut a l&#8217;escola a explicar-nos amb molta paci\u00e8ncia aquesta tradici\u00f3 catalana\u00a0popularment conegudes com castells.<br \/>\nAmb la seva xerrada vam aprendre moltes curiositats dels castells, des del seu orige fins a les&hellip;  <a href=\"https:\/\/agora.xtec.cat\/escolacampclar\/general\/fem-un-castell-2\/\" title=\"Read Fem un castell?\">Llegeix m\u00e9s\u00bb<\/a><\/p>\n","protected":false},"author":14,"featured_media":2038,"comment_status":"open","ping_status":"closed","sticky":false,"template":"","format":"standard","meta":{"_bbp_topic_count":0,"_bbp_reply_count":0,"_bbp_total_topic_count":0,"_bbp_total_reply_count":0,"_bbp_voice_count":0,"_bbp_anonymous_reply_count":0,"_bbp_topic_count_hidden":0,"_bbp_reply_count_hidden":0,"_bbp_forum_subforum_count":0,"footnotes":""},"categories":[25,29,1],"tags":[],"class_list":["post-2036","post","type-post","status-publish","format-standard","has-post-thumbnail","hentry","category-cicle-mitja","category-festes","category-general"],"post_mailing_queue_ids":[],"_links":{"self":[{"href":"https:\/\/agora.xtec.cat\/escolacampclar\/wp-json\/wp\/v2\/posts\/2036","targetHints":{"allow":["GET"]}}],"collection":[{"href":"https:\/\/agora.xtec.cat\/escolacampclar\/wp-json\/wp\/v2\/posts"}],"about":[{"href":"https:\/\/agora.xtec.cat\/escolacampclar\/wp-json\/wp\/v2\/types\/post"}],"author":[{"embeddable":true,"href":"https:\/\/agora.xtec.cat\/escolacampclar\/wp-json\/wp\/v2\/users\/14"}],"replies":[{"embeddable":true,"href":"https:\/\/agora.xtec.cat\/escolacampclar\/wp-json\/wp\/v2\/comments?post=2036"}],"version-history":[{"count":2,"href":"https:\/\/agora.xtec.cat\/escolacampclar\/wp-json\/wp\/v2\/posts\/2036\/revisions"}],"predecessor-version":[{"id":2040,"href":"https:\/\/agora.xtec.cat\/escolacampclar\/wp-json\/wp\/v2\/posts\/2036\/revisions\/2040"}],"wp:featuredmedia":[{"embeddable":true,"href":"https:\/\/agora.xtec.cat\/escolacampclar\/wp-json\/wp\/v2\/media\/2038"}],"wp:attachment":[{"href":"https:\/\/agora.xtec.cat\/escolacampclar\/wp-json\/wp\/v2\/media?parent=2036"}],"wp:term":[{"taxonomy":"category","embeddable":true,"href":"https:\/\/agora.xtec.cat\/escolacampclar\/wp-json\/wp\/v2\/categories?post=2036"},{"taxonomy":"post_tag","embeddable":true,"href":"https:\/\/agora.xtec.cat\/escolacampclar\/wp-json\/wp\/v2\/tags?post=2036"}],"curies":[{"name":"wp","href":"https:\/\/api.w.org\/{rel}","templated":true}]}}