{"id":2033,"date":"2018-10-19T09:15:48","date_gmt":"2018-10-19T07:15:48","guid":{"rendered":"http:\/\/agora.xtec.cat\/escolacampclar\/?p=2033"},"modified":"2018-10-19T09:15:48","modified_gmt":"2018-10-19T07:15:48","slug":"visita-de-la-guardia-urbana","status":"publish","type":"post","link":"https:\/\/agora.xtec.cat\/escolacampclar\/general\/visita-de-la-guardia-urbana\/","title":{"rendered":"Visita de la gu\u00e0rdia urbana"},"content":{"rendered":"<p><a href=\"https:\/\/agora.xtec.cat\/escolacampclar\/wp-content\/uploads\/usu687\/2018\/10\/guardia-urbana.jpeg\"><img loading=\"lazy\" decoding=\"async\" class=\"alignnone size-large wp-image-2034\" src=\"https:\/\/agora.xtec.cat\/escolacampclar\/wp-content\/uploads\/usu687\/2018\/10\/guardia-urbana-1024x1024.jpeg\" alt=\"\" width=\"1024\" height=\"1024\" srcset=\"https:\/\/agora.xtec.cat\/escolacampclar\/wp-content\/uploads\/usu687\/2018\/10\/guardia-urbana-1024x1024.jpeg 1024w, https:\/\/agora.xtec.cat\/escolacampclar\/wp-content\/uploads\/usu687\/2018\/10\/guardia-urbana-150x150.jpeg 150w, https:\/\/agora.xtec.cat\/escolacampclar\/wp-content\/uploads\/usu687\/2018\/10\/guardia-urbana-300x300.jpeg 300w, https:\/\/agora.xtec.cat\/escolacampclar\/wp-content\/uploads\/usu687\/2018\/10\/guardia-urbana-768x768.jpeg 768w\" sizes=\"auto, (max-width: 1024px) 100vw, 1024px\" \/><\/a>Aquesta setmana dos agents de la gu\u00e0rdia urbana ens han vingut a fer una xerrada molt interessant. L&#8217;objectiu era concienciar als nostres alumnes de la import\u00e0ncia de con\u00e8ixer els senyals de tr\u00e0nsit.<\/p>\n<p>L&#8217;Abel ens va explicar amb molt de detall els senyals m\u00e9s comuns que podem trobar al carrer, a m\u00e9s de remarcar la import\u00e0ncia d&#8217;emprar el cintur\u00f3 de seguretat correctament per evitar accidents.<\/p>\n<p>Volem agrair als dos agents de la gu\u00e0rdia urbana de Tarragona per la seva predisposici\u00f3 i paci\u00e8ncia en contestar a cada dubte dels nostres alumnes.<\/p>\n<p>Podeu veure algunes imatges d&#8217;aquesta visita a la nostra <a href=\"https:\/\/drive.google.com\/drive\/folders\/1-3Ex4_XcT3zN6y1JO_Z7DFfDiihDZh6p?usp=sharing\">aula<\/a><\/p>\n<p>&nbsp;<\/p>\n<p>&nbsp;<\/p>\n","protected":false},"excerpt":{"rendered":"<p><a href=\"https:\/\/agora.xtec.cat\/escolacampclar\/wp-content\/uploads\/usu687\/2018\/10\/guardia-urbana.jpeg\"><\/a>Aquesta setmana dos agents de la gu\u00e0rdia urbana ens han vingut a fer una xerrada molt interessant. L&#8217;objectiu era concienciar als nostres alumnes de la import\u00e0ncia de con\u00e8ixer els senyals de tr\u00e0nsit.<br \/>\nL&#8217;Abel ens va explicar amb molt de detall els senyals m\u00e9s comuns que&hellip;  <a href=\"https:\/\/agora.xtec.cat\/escolacampclar\/general\/visita-de-la-guardia-urbana\/\" title=\"Read Visita de la gu\u00e0rdia urbana\">Llegeix m\u00e9s\u00bb<\/a><\/p>\n","protected":false},"author":14,"featured_media":0,"comment_status":"open","ping_status":"closed","sticky":false,"template":"","format":"standard","meta":{"_bbp_topic_count":0,"_bbp_reply_count":0,"_bbp_total_topic_count":0,"_bbp_total_reply_count":0,"_bbp_voice_count":0,"_bbp_anonymous_reply_count":0,"_bbp_topic_count_hidden":0,"_bbp_reply_count_hidden":0,"_bbp_forum_subforum_count":0,"footnotes":""},"categories":[25,1],"tags":[],"class_list":["post-2033","post","type-post","status-publish","format-standard","hentry","category-cicle-mitja","category-general"],"post_mailing_queue_ids":[],"_links":{"self":[{"href":"https:\/\/agora.xtec.cat\/escolacampclar\/wp-json\/wp\/v2\/posts\/2033","targetHints":{"allow":["GET"]}}],"collection":[{"href":"https:\/\/agora.xtec.cat\/escolacampclar\/wp-json\/wp\/v2\/posts"}],"about":[{"href":"https:\/\/agora.xtec.cat\/escolacampclar\/wp-json\/wp\/v2\/types\/post"}],"author":[{"embeddable":true,"href":"https:\/\/agora.xtec.cat\/escolacampclar\/wp-json\/wp\/v2\/users\/14"}],"replies":[{"embeddable":true,"href":"https:\/\/agora.xtec.cat\/escolacampclar\/wp-json\/wp\/v2\/comments?post=2033"}],"version-history":[{"count":1,"href":"https:\/\/agora.xtec.cat\/escolacampclar\/wp-json\/wp\/v2\/posts\/2033\/revisions"}],"predecessor-version":[{"id":2035,"href":"https:\/\/agora.xtec.cat\/escolacampclar\/wp-json\/wp\/v2\/posts\/2033\/revisions\/2035"}],"wp:attachment":[{"href":"https:\/\/agora.xtec.cat\/escolacampclar\/wp-json\/wp\/v2\/media?parent=2033"}],"wp:term":[{"taxonomy":"category","embeddable":true,"href":"https:\/\/agora.xtec.cat\/escolacampclar\/wp-json\/wp\/v2\/categories?post=2033"},{"taxonomy":"post_tag","embeddable":true,"href":"https:\/\/agora.xtec.cat\/escolacampclar\/wp-json\/wp\/v2\/tags?post=2033"}],"curies":[{"name":"wp","href":"https:\/\/api.w.org\/{rel}","templated":true}]}}