{"id":203,"date":"2010-02-01T20:51:12","date_gmt":"2010-02-01T19:51:12","guid":{"rendered":"http:\/\/blocs.xtec.cat\/campclar\/?p=203"},"modified":"2010-02-01T20:51:12","modified_gmt":"2010-02-01T19:51:12","slug":"que-es-la-pau-per-a-nosaltres","status":"publish","type":"post","link":"https:\/\/agora.xtec.cat\/escolacampclar\/general\/que-es-la-pau-per-a-nosaltres\/","title":{"rendered":"Qu\u00e8 \u00e9s la Pau per als nens i les nenes de P-5?"},"content":{"rendered":"<p>Els nens i les nenes de les classes del &#8220;gat amb botes&#8221; i de &#8220;la caseta de xocolata&#8221; van realitzar una activitat relacionada amb el que significava per a cadascun d&#8217;ells la Pau.<br \/>\nDespr\u00e9s d&#8217;estar conversant una estona van escriure dins del colom el que significa per a ells aquesta paraula.<br \/>\nCom a conclusi\u00f3 van extreure que tot el que t\u00e9 a veure amb la Pau m\u00e9s propera,  est\u00e0 envoltat d&#8217;emocions agradables per a ells (petons, abra\u00e7ades, no sentir-se sol&#8230;)<br \/>\nTot seguit us mostrem unes imatges de l&#8217;activitat realitzada.<\/p>\n<p><embed type=\"application\/x-shockwave-flash\" src=\"http:\/\/picasaweb.google.es\/s\/c\/bin\/slideshow.swf\" width=\"400\" height=\"267\" flashvars=\"host=picasaweb.google.es&amp;hl=es&amp;feat=flashalbum&amp;RGB=0x000000&amp;feed=http%3A%2F%2Fpicasaweb.google.es%2Fdata%2Ffeed%2Fapi%2Fuser%2Fomarti8%2Falbumid%2F5433360354942816721%3Falt%3Drss%26kind%3Dphoto%26hl%3Des\" pluginspage=\"http:\/\/www.macromedia.com\/go\/getflashplayer\"><\/embed><\/p>\n","protected":false},"excerpt":{"rendered":"<p>Els nens i les nenes de les classes del &#8220;gat amb botes&#8221; i de &#8220;la caseta de xocolata&#8221; van realitzar una activitat relacionada amb el que significava per a cadascun d&#8217;ells la Pau.<br \/>\nDespr\u00e9s d&#8217;estar conversant una estona van escriure dins del colom el que significa&hellip;  <a href=\"https:\/\/agora.xtec.cat\/escolacampclar\/general\/que-es-la-pau-per-a-nosaltres\/\" title=\"Read Qu\u00e8 \u00e9s la Pau per als nens i les nenes de P-5?\">Llegeix m\u00e9s\u00bb<\/a><\/p>\n","protected":false},"author":1,"featured_media":0,"comment_status":"open","ping_status":"open","sticky":false,"template":"","format":"standard","meta":{"_bbp_topic_count":0,"_bbp_reply_count":0,"_bbp_total_topic_count":0,"_bbp_total_reply_count":0,"_bbp_voice_count":0,"_bbp_anonymous_reply_count":0,"_bbp_topic_count_hidden":0,"_bbp_reply_count_hidden":0,"_bbp_forum_subforum_count":0,"footnotes":""},"categories":[1],"tags":[],"class_list":["post-203","post","type-post","status-publish","format-standard","hentry","category-general"],"post_mailing_queue_ids":[],"_links":{"self":[{"href":"https:\/\/agora.xtec.cat\/escolacampclar\/wp-json\/wp\/v2\/posts\/203","targetHints":{"allow":["GET"]}}],"collection":[{"href":"https:\/\/agora.xtec.cat\/escolacampclar\/wp-json\/wp\/v2\/posts"}],"about":[{"href":"https:\/\/agora.xtec.cat\/escolacampclar\/wp-json\/wp\/v2\/types\/post"}],"author":[{"embeddable":true,"href":"https:\/\/agora.xtec.cat\/escolacampclar\/wp-json\/wp\/v2\/users\/1"}],"replies":[{"embeddable":true,"href":"https:\/\/agora.xtec.cat\/escolacampclar\/wp-json\/wp\/v2\/comments?post=203"}],"version-history":[{"count":0,"href":"https:\/\/agora.xtec.cat\/escolacampclar\/wp-json\/wp\/v2\/posts\/203\/revisions"}],"wp:attachment":[{"href":"https:\/\/agora.xtec.cat\/escolacampclar\/wp-json\/wp\/v2\/media?parent=203"}],"wp:term":[{"taxonomy":"category","embeddable":true,"href":"https:\/\/agora.xtec.cat\/escolacampclar\/wp-json\/wp\/v2\/categories?post=203"},{"taxonomy":"post_tag","embeddable":true,"href":"https:\/\/agora.xtec.cat\/escolacampclar\/wp-json\/wp\/v2\/tags?post=203"}],"curies":[{"name":"wp","href":"https:\/\/api.w.org\/{rel}","templated":true}]}}