{"id":2025,"date":"2018-10-22T08:18:10","date_gmt":"2018-10-22T06:18:10","guid":{"rendered":"http:\/\/agora.xtec.cat\/escolacampclar\/?p=2025"},"modified":"2018-10-22T13:34:41","modified_gmt":"2018-10-22T11:34:41","slug":"tallers-tauletes","status":"publish","type":"post","link":"https:\/\/agora.xtec.cat\/escolacampclar\/general\/tallers-tauletes\/","title":{"rendered":"Tallers Tauletes"},"content":{"rendered":"<p style=\"text-align: center;\"><strong><a href=\"https:\/\/agora.xtec.cat\/escolacampclar\/wp-content\/uploads\/usu687\/2018\/10\/tauletes-jpg-1.jpg\"><img loading=\"lazy\" decoding=\"async\" class=\"alignnone size-full wp-image-2028\" src=\"https:\/\/agora.xtec.cat\/escolacampclar\/wp-content\/uploads\/usu687\/2018\/10\/tauletes-jpg-1.jpg\" alt=\"\" width=\"883\" height=\"603\" srcset=\"https:\/\/agora.xtec.cat\/escolacampclar\/wp-content\/uploads\/usu687\/2018\/10\/tauletes-jpg-1.jpg 883w, https:\/\/agora.xtec.cat\/escolacampclar\/wp-content\/uploads\/usu687\/2018\/10\/tauletes-jpg-1-300x205.jpg 300w, https:\/\/agora.xtec.cat\/escolacampclar\/wp-content\/uploads\/usu687\/2018\/10\/tauletes-jpg-1-768x524.jpg 768w\" sizes=\"auto, (max-width: 883px) 100vw, 883px\" \/><\/a>Enregistrem amb videos i fotos la pluja<\/strong><\/p>\n<p>Els alumnes de cicle mitj\u00e0 vam poder enregistrar mitjan\u00e7ant les tauletes la fort precipitaci\u00f3 del dia 10 d\u2019octubre. Aquest taller vol apropar als nens\/es a les noves tecnologies afavorint el seu \u00fas per potenciar les habilitats comunicatives de cada alumne.<\/p>\n<p>Alguns nen\/es del grup intercicle vam voler fer fotos i d\u2019altres videos explicant la situaci\u00f3 que teniem al pati de la nostra escola, degut a la fort puja que va caure a la ciutat de Tarragona.<\/p>\n<p>A m\u00e9s de potenciar l\u2019expressi\u00f3 oral, aquest taller t\u00e9 com a objectiu afavorir l\u2019autoconeixement i l\u2019autoimatge de tots els alumnes mitjan\u00e7ant l\u2019\u00fas d\u2019aquesta eina.<\/p>\n<p>La segona sessi\u00f3 els grups vam aprofitar el bon temps per enregistrar alguns elements del pati fent una gravaci\u00f3 oral. Es pret\u00e9n que els alumnes puguin expressar-se d&#8217;una forma m\u00e9s divertida partint de la descripci\u00f3 de les imatges que ells mateixos vam enregistrar durant el taller.<\/p>\n<p>Podeu veure algunes imatges en aquest <a href=\"https:\/\/drive.google.com\/drive\/folders\/1-EhYywya5CHDVg1k6hFqeA_Um3G5XPak?usp=sharing\">enlla\u00e7<\/a><\/p>\n","protected":false},"excerpt":{"rendered":"<p><a href=\"https:\/\/agora.xtec.cat\/escolacampclar\/wp-content\/uploads\/usu687\/2018\/10\/tauletes-jpg-1.jpg\"><\/a>Enregistrem amb videos i fotos la pluja<br \/>\nEls alumnes de cicle mitj\u00e0 vam poder enregistrar mitjan\u00e7ant les tauletes la fort precipitaci\u00f3 del dia 10 d\u2019octubre. Aquest taller vol apropar als nens\/es a les noves tecnologies afavorint el seu \u00fas per potenciar les habilitats comunicatives de&hellip;  <a href=\"https:\/\/agora.xtec.cat\/escolacampclar\/general\/tallers-tauletes\/\" title=\"Read Tallers Tauletes\">Llegeix m\u00e9s\u00bb<\/a><\/p>\n","protected":false},"author":14,"featured_media":0,"comment_status":"open","ping_status":"closed","sticky":false,"template":"","format":"standard","meta":{"_bbp_topic_count":0,"_bbp_reply_count":0,"_bbp_total_topic_count":0,"_bbp_total_reply_count":0,"_bbp_voice_count":0,"_bbp_anonymous_reply_count":0,"_bbp_topic_count_hidden":0,"_bbp_reply_count_hidden":0,"_bbp_forum_subforum_count":0,"footnotes":""},"categories":[25,1,238],"tags":[34,37,44,136,137,181,54],"class_list":["post-2025","post","type-post","status-publish","format-standard","hentry","category-cicle-mitja","category-general","category-tallers","tag-campclar","tag-cicle-mitja-2","tag-escola-campclar","tag-tablets","tag-tac","tag-taller","tag-tallers"],"post_mailing_queue_ids":[],"_links":{"self":[{"href":"https:\/\/agora.xtec.cat\/escolacampclar\/wp-json\/wp\/v2\/posts\/2025","targetHints":{"allow":["GET"]}}],"collection":[{"href":"https:\/\/agora.xtec.cat\/escolacampclar\/wp-json\/wp\/v2\/posts"}],"about":[{"href":"https:\/\/agora.xtec.cat\/escolacampclar\/wp-json\/wp\/v2\/types\/post"}],"author":[{"embeddable":true,"href":"https:\/\/agora.xtec.cat\/escolacampclar\/wp-json\/wp\/v2\/users\/14"}],"replies":[{"embeddable":true,"href":"https:\/\/agora.xtec.cat\/escolacampclar\/wp-json\/wp\/v2\/comments?post=2025"}],"version-history":[{"count":3,"href":"https:\/\/agora.xtec.cat\/escolacampclar\/wp-json\/wp\/v2\/posts\/2025\/revisions"}],"predecessor-version":[{"id":2041,"href":"https:\/\/agora.xtec.cat\/escolacampclar\/wp-json\/wp\/v2\/posts\/2025\/revisions\/2041"}],"wp:attachment":[{"href":"https:\/\/agora.xtec.cat\/escolacampclar\/wp-json\/wp\/v2\/media?parent=2025"}],"wp:term":[{"taxonomy":"category","embeddable":true,"href":"https:\/\/agora.xtec.cat\/escolacampclar\/wp-json\/wp\/v2\/categories?post=2025"},{"taxonomy":"post_tag","embeddable":true,"href":"https:\/\/agora.xtec.cat\/escolacampclar\/wp-json\/wp\/v2\/tags?post=2025"}],"curies":[{"name":"wp","href":"https:\/\/api.w.org\/{rel}","templated":true}]}}