{"id":2020,"date":"2018-10-20T09:18:58","date_gmt":"2018-10-20T07:18:58","guid":{"rendered":"http:\/\/agora.xtec.cat\/escolacampclar\/?p=2020"},"modified":"2018-10-19T09:19:21","modified_gmt":"2018-10-19T07:19:21","slug":"treball-cooperatiu-a-cicle-mitja","status":"publish","type":"post","link":"https:\/\/agora.xtec.cat\/escolacampclar\/general\/treball-cooperatiu-a-cicle-mitja\/","title":{"rendered":"Treball cooperatiu a cicle mitj\u00e0"},"content":{"rendered":"<p><a href=\"https:\/\/agora.xtec.cat\/escolacampclar\/wp-content\/uploads\/usu687\/2018\/10\/portada-treb-coop.jpeg\"><img loading=\"lazy\" decoding=\"async\" class=\"alignnone size-large wp-image-2021\" src=\"https:\/\/agora.xtec.cat\/escolacampclar\/wp-content\/uploads\/usu687\/2018\/10\/portada-treb-coop-1024x1024.jpeg\" alt=\"\" width=\"1024\" height=\"1024\" srcset=\"https:\/\/agora.xtec.cat\/escolacampclar\/wp-content\/uploads\/usu687\/2018\/10\/portada-treb-coop-1024x1024.jpeg 1024w, https:\/\/agora.xtec.cat\/escolacampclar\/wp-content\/uploads\/usu687\/2018\/10\/portada-treb-coop-150x150.jpeg 150w, https:\/\/agora.xtec.cat\/escolacampclar\/wp-content\/uploads\/usu687\/2018\/10\/portada-treb-coop-300x300.jpeg 300w, https:\/\/agora.xtec.cat\/escolacampclar\/wp-content\/uploads\/usu687\/2018\/10\/portada-treb-coop-768x768.jpeg 768w\" sizes=\"auto, (max-width: 1024px) 100vw, 1024px\" \/><\/a>Els alumnes de cicle mitj\u00e0 des de l&#8217;inici de curs estan aprenent com treballar cooperativament dins de l&#8217;aula. Cada alumne forma part d&#8217;un grup, on cada membre t\u00e9 un c\u00e0rrec important i necessari per al funcionament del seu grup i de la tasca.<\/p>\n<p>Volem que els nostres alumnes puguin posar en pr\u00e0ctica diferents habilitats que els hi ajudin a treballar en grup amb un sentiment de pertinen\u00e7a del mateix, i que tots puguin sentir-se \u00fatils i necessaris en el seu grup.<\/p>\n<p>El nostre primer projecte d&#8217;aquest any <em>&#8220;Les Festes de Santa Tecla&#8221;<\/em> ens va permetre con\u00e8ixer amb m\u00e9s profunditat els elements de la festa major de Tarragona. Cada grup es va centrar en la recerca i l&#8217;ampliaci\u00f3 d&#8217;alguns elements festius per despr\u00e9s compartir amb tots els grups, aprenent aix\u00ed els uns dels altres.<\/p>\n<p>Podeu veure algunes imatges del nostre projecte de<em> <a href=\"https:\/\/drive.google.com\/drive\/folders\/1-275xwt8i0BaqHfGkI0Zr2SSHE01GPhq?usp=sharing\">Les Festes de Santa Tecla<\/a><\/em><\/p>\n","protected":false},"excerpt":{"rendered":"<p><a href=\"https:\/\/agora.xtec.cat\/escolacampclar\/wp-content\/uploads\/usu687\/2018\/10\/portada-treb-coop.jpeg\"><\/a>Els alumnes de cicle mitj\u00e0 des de l&#8217;inici de curs estan aprenent com treballar cooperativament dins de l&#8217;aula. Cada alumne forma part d&#8217;un grup, on cada membre t\u00e9 un c\u00e0rrec important i necessari per al funcionament del seu grup i de la tasca.<br \/>\nVolem que&hellip;  <a href=\"https:\/\/agora.xtec.cat\/escolacampclar\/general\/treball-cooperatiu-a-cicle-mitja\/\" title=\"Read Treball cooperatiu a cicle mitj\u00e0\">Llegeix m\u00e9s\u00bb<\/a><\/p>\n","protected":false},"author":14,"featured_media":2021,"comment_status":"open","ping_status":"closed","sticky":false,"template":"","format":"standard","meta":{"_bbp_topic_count":0,"_bbp_reply_count":0,"_bbp_total_topic_count":0,"_bbp_total_reply_count":0,"_bbp_voice_count":0,"_bbp_anonymous_reply_count":0,"_bbp_topic_count_hidden":0,"_bbp_reply_count_hidden":0,"_bbp_forum_subforum_count":0,"footnotes":""},"categories":[25,29,1],"tags":[34,37,44,87,55,222],"class_list":["post-2020","post","type-post","status-publish","format-standard","has-post-thumbnail","hentry","category-cicle-mitja","category-festes","category-general","tag-campclar","tag-cicle-mitja-2","tag-escola-campclar","tag-projecte","tag-tarragona","tag-tradicions"],"post_mailing_queue_ids":[],"_links":{"self":[{"href":"https:\/\/agora.xtec.cat\/escolacampclar\/wp-json\/wp\/v2\/posts\/2020","targetHints":{"allow":["GET"]}}],"collection":[{"href":"https:\/\/agora.xtec.cat\/escolacampclar\/wp-json\/wp\/v2\/posts"}],"about":[{"href":"https:\/\/agora.xtec.cat\/escolacampclar\/wp-json\/wp\/v2\/types\/post"}],"author":[{"embeddable":true,"href":"https:\/\/agora.xtec.cat\/escolacampclar\/wp-json\/wp\/v2\/users\/14"}],"replies":[{"embeddable":true,"href":"https:\/\/agora.xtec.cat\/escolacampclar\/wp-json\/wp\/v2\/comments?post=2020"}],"version-history":[{"count":2,"href":"https:\/\/agora.xtec.cat\/escolacampclar\/wp-json\/wp\/v2\/posts\/2020\/revisions"}],"predecessor-version":[{"id":2023,"href":"https:\/\/agora.xtec.cat\/escolacampclar\/wp-json\/wp\/v2\/posts\/2020\/revisions\/2023"}],"wp:featuredmedia":[{"embeddable":true,"href":"https:\/\/agora.xtec.cat\/escolacampclar\/wp-json\/wp\/v2\/media\/2021"}],"wp:attachment":[{"href":"https:\/\/agora.xtec.cat\/escolacampclar\/wp-json\/wp\/v2\/media?parent=2020"}],"wp:term":[{"taxonomy":"category","embeddable":true,"href":"https:\/\/agora.xtec.cat\/escolacampclar\/wp-json\/wp\/v2\/categories?post=2020"},{"taxonomy":"post_tag","embeddable":true,"href":"https:\/\/agora.xtec.cat\/escolacampclar\/wp-json\/wp\/v2\/tags?post=2020"}],"curies":[{"name":"wp","href":"https:\/\/api.w.org\/{rel}","templated":true}]}}