{"id":2015,"date":"2018-10-08T14:01:59","date_gmt":"2018-10-08T12:01:59","guid":{"rendered":"http:\/\/agora.xtec.cat\/escolacampclar\/?p=2015"},"modified":"2018-10-08T14:01:59","modified_gmt":"2018-10-08T12:01:59","slug":"tallers-de-mates-a-cicle-inicial","status":"publish","type":"post","link":"https:\/\/agora.xtec.cat\/escolacampclar\/general\/tallers-de-mates-a-cicle-inicial\/","title":{"rendered":"Tallers de mates a cicle inicial"},"content":{"rendered":"<p>Aquesta setmana hem comen\u00e7at els tallers a Cicle Inicial. Tallers d&#8217;estad\u00edstica, orientaci\u00f3 espaial, numeraci\u00f3, problemes&#8230;.<\/p>\n<p><span style=\"font-family: inherit; font-size: 1em; line-height: 1.6;\">Ens ho hem passat molt b\u00e9 perqu\u00e8 hem manipulat i ens hem emocionat a trav\u00e9s del joc i les mates.\u00a0<\/span><span style=\"font-family: inherit; font-size: 1em; line-height: 1.6;\">\u00c9s divertit jugar i aprendre a la vegada!<\/span><\/p>\n<p style=\"text-align: center;\"><a href=\"https:\/\/drive.google.com\/open?id=1PlLydbyAmbk4XF-dWZDGuE57gzixMMAX\">Us deixem una mostra dels tallers que hem fet avui.<\/a><\/p>\n<p>&nbsp;<\/p>\n<p>&nbsp;<\/p>\n","protected":false},"excerpt":{"rendered":"<p>Aquesta setmana hem comen\u00e7at els tallers a Cicle Inicial. Tallers d&#8217;estad\u00edstica, orientaci\u00f3 espaial, numeraci\u00f3, problemes&#8230;.<br \/>\nEns ho hem passat molt b\u00e9 perqu\u00e8 hem manipulat i ens hem emocionat a trav\u00e9s del joc i les mates.\u00a0\u00c9s divertit jugar i aprendre a la vegada!<br \/>\n<a href=\"https:\/\/drive.google.com\/open?id=1PlLydbyAmbk4XF-dWZDGuE57gzixMMAX\">Us deixem una mostra&hellip;  <a href=\"https:\/\/agora.xtec.cat\/escolacampclar\/general\/tallers-de-mates-a-cicle-inicial\/\" title=\"Read Tallers de mates a cicle inicial\">Llegeix m\u00e9s\u00bb<\/a><\/p>\n","protected":false},"author":14,"featured_media":2017,"comment_status":"open","ping_status":"closed","sticky":false,"template":"","format":"standard","meta":{"_bbp_topic_count":0,"_bbp_reply_count":0,"_bbp_total_topic_count":0,"_bbp_total_reply_count":0,"_bbp_voice_count":0,"_bbp_anonymous_reply_count":0,"_bbp_topic_count_hidden":0,"_bbp_reply_count_hidden":0,"_bbp_forum_subforum_count":0,"footnotes":""},"categories":[24,1],"tags":[34,36,302,54],"class_list":["post-2015","post","type-post","status-publish","format-standard","has-post-thumbnail","hentry","category-cicle-inicial","category-general","tag-campclar","tag-cicle-inicial","tag-mates","tag-tallers"],"post_mailing_queue_ids":[],"_links":{"self":[{"href":"https:\/\/agora.xtec.cat\/escolacampclar\/wp-json\/wp\/v2\/posts\/2015","targetHints":{"allow":["GET"]}}],"collection":[{"href":"https:\/\/agora.xtec.cat\/escolacampclar\/wp-json\/wp\/v2\/posts"}],"about":[{"href":"https:\/\/agora.xtec.cat\/escolacampclar\/wp-json\/wp\/v2\/types\/post"}],"author":[{"embeddable":true,"href":"https:\/\/agora.xtec.cat\/escolacampclar\/wp-json\/wp\/v2\/users\/14"}],"replies":[{"embeddable":true,"href":"https:\/\/agora.xtec.cat\/escolacampclar\/wp-json\/wp\/v2\/comments?post=2015"}],"version-history":[{"count":1,"href":"https:\/\/agora.xtec.cat\/escolacampclar\/wp-json\/wp\/v2\/posts\/2015\/revisions"}],"predecessor-version":[{"id":2018,"href":"https:\/\/agora.xtec.cat\/escolacampclar\/wp-json\/wp\/v2\/posts\/2015\/revisions\/2018"}],"wp:featuredmedia":[{"embeddable":true,"href":"https:\/\/agora.xtec.cat\/escolacampclar\/wp-json\/wp\/v2\/media\/2017"}],"wp:attachment":[{"href":"https:\/\/agora.xtec.cat\/escolacampclar\/wp-json\/wp\/v2\/media?parent=2015"}],"wp:term":[{"taxonomy":"category","embeddable":true,"href":"https:\/\/agora.xtec.cat\/escolacampclar\/wp-json\/wp\/v2\/categories?post=2015"},{"taxonomy":"post_tag","embeddable":true,"href":"https:\/\/agora.xtec.cat\/escolacampclar\/wp-json\/wp\/v2\/tags?post=2015"}],"curies":[{"name":"wp","href":"https:\/\/api.w.org\/{rel}","templated":true}]}}