{"id":2005,"date":"2018-06-22T10:26:50","date_gmt":"2018-06-22T08:26:50","guid":{"rendered":"http:\/\/agora.xtec.cat\/escolacampclar\/?p=2005"},"modified":"2018-06-22T10:26:50","modified_gmt":"2018-06-22T08:26:50","slug":"gimkana-daigua-a-cicle-mitja","status":"publish","type":"post","link":"https:\/\/agora.xtec.cat\/escolacampclar\/general\/gimkana-daigua-a-cicle-mitja\/","title":{"rendered":"Gimkana d&#8217;aigua a cicle mitj\u00e0"},"content":{"rendered":"<p>Els alumnes de cicle mitj\u00e0 estem aprofitant la \u00faltima setmana a tope! Hem fet una gimkama de jocs d&#8217;aigua en la que ens ho vam passar molt b\u00e9! Ens encanta remullar-nos!<\/p>\n<p><a href=\"https:\/\/drive.google.com\/open?id=1-STJc2uHpzSQlEozp5BwKyqj-7RIjXhU\">Clica aqu\u00ed per veure algunes imatges.<\/a><\/p>\n","protected":false},"excerpt":{"rendered":"<p>Els alumnes de cicle mitj\u00e0 estem aprofitant la \u00faltima setmana a tope! Hem fet una gimkama de jocs d&#8217;aigua en la que ens ho vam passar molt b\u00e9! Ens encanta remullar-nos!<br \/>\n<a href=\"https:\/\/drive.google.com\/open?id=1-STJc2uHpzSQlEozp5BwKyqj-7RIjXhU\">Clica aqu\u00ed per veure algunes imatges.<\/a><\/p>\n","protected":false},"author":14,"featured_media":2006,"comment_status":"open","ping_status":"closed","sticky":false,"template":"","format":"standard","meta":{"_bbp_topic_count":0,"_bbp_reply_count":0,"_bbp_total_topic_count":0,"_bbp_total_reply_count":0,"_bbp_voice_count":0,"_bbp_anonymous_reply_count":0,"_bbp_topic_count_hidden":0,"_bbp_reply_count_hidden":0,"_bbp_forum_subforum_count":0,"footnotes":""},"categories":[25,1],"tags":[110,44,300],"class_list":["post-2005","post","type-post","status-publish","format-standard","has-post-thumbnail","hentry","category-cicle-mitja","category-general","tag-aigua","tag-escola-campclar","tag-festa"],"post_mailing_queue_ids":[],"_links":{"self":[{"href":"https:\/\/agora.xtec.cat\/escolacampclar\/wp-json\/wp\/v2\/posts\/2005","targetHints":{"allow":["GET"]}}],"collection":[{"href":"https:\/\/agora.xtec.cat\/escolacampclar\/wp-json\/wp\/v2\/posts"}],"about":[{"href":"https:\/\/agora.xtec.cat\/escolacampclar\/wp-json\/wp\/v2\/types\/post"}],"author":[{"embeddable":true,"href":"https:\/\/agora.xtec.cat\/escolacampclar\/wp-json\/wp\/v2\/users\/14"}],"replies":[{"embeddable":true,"href":"https:\/\/agora.xtec.cat\/escolacampclar\/wp-json\/wp\/v2\/comments?post=2005"}],"version-history":[{"count":1,"href":"https:\/\/agora.xtec.cat\/escolacampclar\/wp-json\/wp\/v2\/posts\/2005\/revisions"}],"predecessor-version":[{"id":2007,"href":"https:\/\/agora.xtec.cat\/escolacampclar\/wp-json\/wp\/v2\/posts\/2005\/revisions\/2007"}],"wp:featuredmedia":[{"embeddable":true,"href":"https:\/\/agora.xtec.cat\/escolacampclar\/wp-json\/wp\/v2\/media\/2006"}],"wp:attachment":[{"href":"https:\/\/agora.xtec.cat\/escolacampclar\/wp-json\/wp\/v2\/media?parent=2005"}],"wp:term":[{"taxonomy":"category","embeddable":true,"href":"https:\/\/agora.xtec.cat\/escolacampclar\/wp-json\/wp\/v2\/categories?post=2005"},{"taxonomy":"post_tag","embeddable":true,"href":"https:\/\/agora.xtec.cat\/escolacampclar\/wp-json\/wp\/v2\/tags?post=2005"}],"curies":[{"name":"wp","href":"https:\/\/api.w.org\/{rel}","templated":true}]}}