{"id":2001,"date":"2018-06-22T10:16:36","date_gmt":"2018-06-22T08:16:36","guid":{"rendered":"http:\/\/agora.xtec.cat\/escolacampclar\/?p=2001"},"modified":"2018-06-22T10:16:36","modified_gmt":"2018-06-22T08:16:36","slug":"padrins-de-lectura-4","status":"publish","type":"post","link":"https:\/\/agora.xtec.cat\/escolacampclar\/general\/padrins-de-lectura-4\/","title":{"rendered":"Padrins de lectura"},"content":{"rendered":"<p>Els alumnes de sis\u00e8 i els de p5 de l&#8217;escola han participat durant tot el curs 17\/18 al projecte de &#8220;Padrins de lectura&#8221; que tant b\u00e9 va per ajudar a introduir el gust per llegir als alumnes m\u00e9s petits i alhora motiva als de sis\u00e8 i els ajuda a assumir responsabilitats vers a altres.<\/p>\n<p><a href=\"https:\/\/drive.google.com\/open?id=161SznaiJuZ-pkUKcFgSXAWQJDVhDUgnD\">Clica aqu\u00ed per veure algunes imatges.<\/a><\/p>\n","protected":false},"excerpt":{"rendered":"<p>Els alumnes de sis\u00e8 i els de p5 de l&#8217;escola han participat durant tot el curs 17\/18 al projecte de &#8220;Padrins de lectura&#8221; que tant b\u00e9 va per ajudar a introduir el gust per llegir als alumnes m\u00e9s petits i alhora motiva als de sis\u00e8&hellip;  <a href=\"https:\/\/agora.xtec.cat\/escolacampclar\/general\/padrins-de-lectura-4\/\" title=\"Read Padrins de lectura\">Llegeix m\u00e9s\u00bb<\/a><\/p>\n","protected":false},"author":14,"featured_media":2002,"comment_status":"open","ping_status":"closed","sticky":false,"template":"","format":"standard","meta":{"_bbp_topic_count":0,"_bbp_reply_count":0,"_bbp_total_topic_count":0,"_bbp_total_reply_count":0,"_bbp_voice_count":0,"_bbp_anonymous_reply_count":0,"_bbp_topic_count_hidden":0,"_bbp_reply_count_hidden":0,"_bbp_forum_subforum_count":0,"footnotes":""},"categories":[26,59,1],"tags":[],"class_list":["post-2001","post","type-post","status-publish","format-standard","has-post-thumbnail","hentry","category-cicle-superior","category-infantil","category-general"],"post_mailing_queue_ids":[],"_links":{"self":[{"href":"https:\/\/agora.xtec.cat\/escolacampclar\/wp-json\/wp\/v2\/posts\/2001","targetHints":{"allow":["GET"]}}],"collection":[{"href":"https:\/\/agora.xtec.cat\/escolacampclar\/wp-json\/wp\/v2\/posts"}],"about":[{"href":"https:\/\/agora.xtec.cat\/escolacampclar\/wp-json\/wp\/v2\/types\/post"}],"author":[{"embeddable":true,"href":"https:\/\/agora.xtec.cat\/escolacampclar\/wp-json\/wp\/v2\/users\/14"}],"replies":[{"embeddable":true,"href":"https:\/\/agora.xtec.cat\/escolacampclar\/wp-json\/wp\/v2\/comments?post=2001"}],"version-history":[{"count":1,"href":"https:\/\/agora.xtec.cat\/escolacampclar\/wp-json\/wp\/v2\/posts\/2001\/revisions"}],"predecessor-version":[{"id":2003,"href":"https:\/\/agora.xtec.cat\/escolacampclar\/wp-json\/wp\/v2\/posts\/2001\/revisions\/2003"}],"wp:featuredmedia":[{"embeddable":true,"href":"https:\/\/agora.xtec.cat\/escolacampclar\/wp-json\/wp\/v2\/media\/2002"}],"wp:attachment":[{"href":"https:\/\/agora.xtec.cat\/escolacampclar\/wp-json\/wp\/v2\/media?parent=2001"}],"wp:term":[{"taxonomy":"category","embeddable":true,"href":"https:\/\/agora.xtec.cat\/escolacampclar\/wp-json\/wp\/v2\/categories?post=2001"},{"taxonomy":"post_tag","embeddable":true,"href":"https:\/\/agora.xtec.cat\/escolacampclar\/wp-json\/wp\/v2\/tags?post=2001"}],"curies":[{"name":"wp","href":"https:\/\/api.w.org\/{rel}","templated":true}]}}