{"id":1994,"date":"2018-06-14T14:15:21","date_gmt":"2018-06-14T12:15:21","guid":{"rendered":"http:\/\/agora.xtec.cat\/escolacampclar\/?p=1994"},"modified":"2018-06-14T14:15:21","modified_gmt":"2018-06-14T12:15:21","slug":"programes-de-cuina","status":"publish","type":"post","link":"https:\/\/agora.xtec.cat\/escolacampclar\/general\/programes-de-cuina\/","title":{"rendered":"Programes de cuina"},"content":{"rendered":"<p>En aquest article us compartim la gran feina que ha realitzat l&#8217;alumnat\u00a0de 5\u00e8 a partir del treball de la recepta.<\/p>\n<p>El proc\u00e8s ha anat des del treball de la tipologia textual fins a la creaci\u00f3 de cinc programes de cuina en els que la quitxalla ha elaborat veritables obres d&#8217;art.<\/p>\n<p>Hem analitzat programes de cuina per tal de con\u00e8ixer i aplicar diferents planos, ens hem inspirat en receptes que hem buscat a la xarxa per crear els nostres propis plats, hem elaborat taules amb els preus dels productes per fer un c\u00e0lcul aproximat del preu de la recepta, hem anat al super a comprar els aliments necessaris, hem fet llistats dels estris que necessitar\u00edem, hem bscat informaci\u00f3 sobre els ingredients per poder enriquir els nostres v\u00eddeos amb comentaris,&#8230;<\/p>\n<p>En el seg\u00fcent enllan\u00e7 us oferim un recull de les activitats i els v\u00eddeos que han elaborat. Esperem que us agradin.<\/p>\n<p><a href=\"https:\/\/drive.google.com\/drive\/folders\/17-JGkE3dKPxlW8vCPoah67bW8TW5Y5r_?usp=sharing\">Clica aqu\u00ed per accedir als materials<\/a><\/p>\n<p><a href=\"https:\/\/drive.google.com\/drive\/folders\/1aK4rmkIQwedNWq1imSfhcD2MfHMkh9_H?usp=sharing\">Clica aqu\u00ed per veure algunes fotos<\/a><\/p>\n","protected":false},"excerpt":{"rendered":"<p>En aquest article us compartim la gran feina que ha realitzat l&#8217;alumnat\u00a0de 5\u00e8 a partir del treball de la recepta.<br \/>\nEl proc\u00e8s ha anat des del treball de la tipologia textual fins a la creaci\u00f3 de cinc programes de cuina en els que la quitxalla ha&hellip;  <a href=\"https:\/\/agora.xtec.cat\/escolacampclar\/general\/programes-de-cuina\/\" title=\"Read Programes de cuina\">Llegeix m\u00e9s\u00bb<\/a><\/p>\n","protected":false},"author":14,"featured_media":1995,"comment_status":"open","ping_status":"closed","sticky":false,"template":"","format":"standard","meta":{"_bbp_topic_count":0,"_bbp_reply_count":0,"_bbp_total_topic_count":0,"_bbp_total_reply_count":0,"_bbp_voice_count":0,"_bbp_anonymous_reply_count":0,"_bbp_topic_count_hidden":0,"_bbp_reply_count_hidden":0,"_bbp_forum_subforum_count":0,"footnotes":""},"categories":[26,1],"tags":[296,140,254,298,297],"class_list":["post-1994","post","type-post","status-publish","format-standard","has-post-thumbnail","hentry","category-cicle-superior","category-general","tag-castellano","tag-mobile-learning","tag-practiques-competencials","tag-receta","tag-tipologia-textual"],"post_mailing_queue_ids":[],"_links":{"self":[{"href":"https:\/\/agora.xtec.cat\/escolacampclar\/wp-json\/wp\/v2\/posts\/1994","targetHints":{"allow":["GET"]}}],"collection":[{"href":"https:\/\/agora.xtec.cat\/escolacampclar\/wp-json\/wp\/v2\/posts"}],"about":[{"href":"https:\/\/agora.xtec.cat\/escolacampclar\/wp-json\/wp\/v2\/types\/post"}],"author":[{"embeddable":true,"href":"https:\/\/agora.xtec.cat\/escolacampclar\/wp-json\/wp\/v2\/users\/14"}],"replies":[{"embeddable":true,"href":"https:\/\/agora.xtec.cat\/escolacampclar\/wp-json\/wp\/v2\/comments?post=1994"}],"version-history":[{"count":1,"href":"https:\/\/agora.xtec.cat\/escolacampclar\/wp-json\/wp\/v2\/posts\/1994\/revisions"}],"predecessor-version":[{"id":1996,"href":"https:\/\/agora.xtec.cat\/escolacampclar\/wp-json\/wp\/v2\/posts\/1994\/revisions\/1996"}],"wp:featuredmedia":[{"embeddable":true,"href":"https:\/\/agora.xtec.cat\/escolacampclar\/wp-json\/wp\/v2\/media\/1995"}],"wp:attachment":[{"href":"https:\/\/agora.xtec.cat\/escolacampclar\/wp-json\/wp\/v2\/media?parent=1994"}],"wp:term":[{"taxonomy":"category","embeddable":true,"href":"https:\/\/agora.xtec.cat\/escolacampclar\/wp-json\/wp\/v2\/categories?post=1994"},{"taxonomy":"post_tag","embeddable":true,"href":"https:\/\/agora.xtec.cat\/escolacampclar\/wp-json\/wp\/v2\/tags?post=1994"}],"curies":[{"name":"wp","href":"https:\/\/api.w.org\/{rel}","templated":true}]}}