{"id":1988,"date":"2018-06-14T12:12:59","date_gmt":"2018-06-14T10:12:59","guid":{"rendered":"http:\/\/agora.xtec.cat\/escolacampclar\/?p=1988"},"modified":"2018-06-15T11:12:45","modified_gmt":"2018-06-15T09:12:45","slug":"recital-a-cicle-inicial","status":"publish","type":"post","link":"https:\/\/agora.xtec.cat\/escolacampclar\/general\/recital-a-cicle-inicial\/","title":{"rendered":"Recital a cicle inicial"},"content":{"rendered":"<p>Aquesta setmana hem celebrat el recital de poesia del tercer trimestre.<\/p>\n<p>Hem estat memoritzant poemes d&#8217;Isabel Barrier &#8220;Ens regala juny&#8221;.<\/p>\n<p>I hem cantat una can\u00e7\u00f3 de la D\u00e0maris Gelabert molt bonica. La can\u00e7\u00f3 de<a href=\"https:\/\/www.youtube.com\/watch?v=d3NWWRsgO3k\"> &#8220;comen\u00e7a l&#8217;estiu&#8221;<\/a>. Us deixem un link perqu\u00e8 pugueu gaudir de la can\u00e7\u00f3.<\/p>\n","protected":false},"excerpt":{"rendered":"<p>Aquesta setmana hem celebrat el recital de poesia del tercer trimestre.<br \/>\nHem estat memoritzant poemes d&#8217;Isabel Barrier &#8220;Ens regala juny&#8221;.<br \/>\nI hem cantat una can\u00e7\u00f3 de la D\u00e0maris Gelabert molt bonica. La can\u00e7\u00f3 de<a href=\"https:\/\/www.youtube.com\/watch?v=d3NWWRsgO3k\"> &#8220;comen\u00e7a l&#8217;estiu&#8221;<\/a>. Us deixem un link perqu\u00e8 pugueu gaudir de la can\u00e7\u00f3.<\/p>\n","protected":false},"author":15,"featured_media":0,"comment_status":"open","ping_status":"closed","sticky":false,"template":"","format":"standard","meta":{"_bbp_topic_count":0,"_bbp_reply_count":0,"_bbp_total_topic_count":0,"_bbp_total_reply_count":0,"_bbp_voice_count":0,"_bbp_anonymous_reply_count":0,"_bbp_topic_count_hidden":0,"_bbp_reply_count_hidden":0,"_bbp_forum_subforum_count":0,"footnotes":""},"categories":[1],"tags":[],"class_list":["post-1988","post","type-post","status-publish","format-standard","hentry","category-general"],"post_mailing_queue_ids":[],"_links":{"self":[{"href":"https:\/\/agora.xtec.cat\/escolacampclar\/wp-json\/wp\/v2\/posts\/1988","targetHints":{"allow":["GET"]}}],"collection":[{"href":"https:\/\/agora.xtec.cat\/escolacampclar\/wp-json\/wp\/v2\/posts"}],"about":[{"href":"https:\/\/agora.xtec.cat\/escolacampclar\/wp-json\/wp\/v2\/types\/post"}],"author":[{"embeddable":true,"href":"https:\/\/agora.xtec.cat\/escolacampclar\/wp-json\/wp\/v2\/users\/15"}],"replies":[{"embeddable":true,"href":"https:\/\/agora.xtec.cat\/escolacampclar\/wp-json\/wp\/v2\/comments?post=1988"}],"version-history":[{"count":2,"href":"https:\/\/agora.xtec.cat\/escolacampclar\/wp-json\/wp\/v2\/posts\/1988\/revisions"}],"predecessor-version":[{"id":1997,"href":"https:\/\/agora.xtec.cat\/escolacampclar\/wp-json\/wp\/v2\/posts\/1988\/revisions\/1997"}],"wp:attachment":[{"href":"https:\/\/agora.xtec.cat\/escolacampclar\/wp-json\/wp\/v2\/media?parent=1988"}],"wp:term":[{"taxonomy":"category","embeddable":true,"href":"https:\/\/agora.xtec.cat\/escolacampclar\/wp-json\/wp\/v2\/categories?post=1988"},{"taxonomy":"post_tag","embeddable":true,"href":"https:\/\/agora.xtec.cat\/escolacampclar\/wp-json\/wp\/v2\/tags?post=1988"}],"curies":[{"name":"wp","href":"https:\/\/api.w.org\/{rel}","templated":true}]}}