{"id":1969,"date":"2018-05-21T13:44:49","date_gmt":"2018-05-21T11:44:49","guid":{"rendered":"http:\/\/agora.xtec.cat\/escolacampclar\/?p=1969"},"modified":"2018-05-21T13:45:21","modified_gmt":"2018-05-21T11:45:21","slug":"juguem-per-viure","status":"publish","type":"post","link":"https:\/\/agora.xtec.cat\/escolacampclar\/general\/juguem-per-viure\/","title":{"rendered":"&#8220;JUGUEM PER VIURE&#8221;"},"content":{"rendered":"<p>El passat 11 de Maig, la coral de l&#8217;escola va assistir a l&#8217;estrena de la can\u00e7\u00f3 dels &#8220;Jocs del Mediterrani&#8221; Tarragona 2018. La can\u00e7\u00f3, que porta per t\u00edtol &#8220;Juguem per viure&#8221;, tracta dels valors en l&#8217;esport. La can\u00e7\u00f3 fou interpretada pel grup &#8220;PeTaCa&#8221; acompanyats per m\u00e9s de 2000 alumnes. La nostra coral va gaudir molt de l&#8217;activitat i de la m\u00fasica en directe.<\/p>\n<p><a href=\"https:\/\/drive.google.com\/open?id=1Da239Lf1bj3k1D2DytXmV-4kjSjzcgru\">Clica aqu\u00ed per veure m\u00e9s imatges.<\/a><\/p>\n","protected":false},"excerpt":{"rendered":"<p>El passat 11 de Maig, la coral de l&#8217;escola va assistir a l&#8217;estrena de la can\u00e7\u00f3 dels &#8220;Jocs del Mediterrani&#8221; Tarragona 2018. La can\u00e7\u00f3, que porta per t\u00edtol &#8220;Juguem per viure&#8221;, tracta dels valors en l&#8217;esport. La can\u00e7\u00f3 fou interpretada pel grup &#8220;PeTaCa&#8221; acompanyats per&hellip;  <a href=\"https:\/\/agora.xtec.cat\/escolacampclar\/general\/juguem-per-viure\/\" title=\"Read &#8220;JUGUEM PER VIURE&#8221;\">Llegeix m\u00e9s\u00bb<\/a><\/p>\n","protected":false},"author":15,"featured_media":1970,"comment_status":"open","ping_status":"closed","sticky":false,"template":"","format":"standard","meta":{"_bbp_topic_count":0,"_bbp_reply_count":0,"_bbp_total_topic_count":0,"_bbp_total_reply_count":0,"_bbp_voice_count":0,"_bbp_anonymous_reply_count":0,"_bbp_topic_count_hidden":0,"_bbp_reply_count_hidden":0,"_bbp_forum_subforum_count":0,"footnotes":""},"categories":[25,1,31],"tags":[150,44,55],"class_list":["post-1969","post","type-post","status-publish","format-standard","has-post-thumbnail","hentry","category-cicle-mitja","category-general","category-musica","tag-coral-escola-campclar","tag-escola-campclar","tag-tarragona"],"post_mailing_queue_ids":[],"_links":{"self":[{"href":"https:\/\/agora.xtec.cat\/escolacampclar\/wp-json\/wp\/v2\/posts\/1969","targetHints":{"allow":["GET"]}}],"collection":[{"href":"https:\/\/agora.xtec.cat\/escolacampclar\/wp-json\/wp\/v2\/posts"}],"about":[{"href":"https:\/\/agora.xtec.cat\/escolacampclar\/wp-json\/wp\/v2\/types\/post"}],"author":[{"embeddable":true,"href":"https:\/\/agora.xtec.cat\/escolacampclar\/wp-json\/wp\/v2\/users\/15"}],"replies":[{"embeddable":true,"href":"https:\/\/agora.xtec.cat\/escolacampclar\/wp-json\/wp\/v2\/comments?post=1969"}],"version-history":[{"count":1,"href":"https:\/\/agora.xtec.cat\/escolacampclar\/wp-json\/wp\/v2\/posts\/1969\/revisions"}],"predecessor-version":[{"id":1971,"href":"https:\/\/agora.xtec.cat\/escolacampclar\/wp-json\/wp\/v2\/posts\/1969\/revisions\/1971"}],"wp:featuredmedia":[{"embeddable":true,"href":"https:\/\/agora.xtec.cat\/escolacampclar\/wp-json\/wp\/v2\/media\/1970"}],"wp:attachment":[{"href":"https:\/\/agora.xtec.cat\/escolacampclar\/wp-json\/wp\/v2\/media?parent=1969"}],"wp:term":[{"taxonomy":"category","embeddable":true,"href":"https:\/\/agora.xtec.cat\/escolacampclar\/wp-json\/wp\/v2\/categories?post=1969"},{"taxonomy":"post_tag","embeddable":true,"href":"https:\/\/agora.xtec.cat\/escolacampclar\/wp-json\/wp\/v2\/tags?post=1969"}],"curies":[{"name":"wp","href":"https:\/\/api.w.org\/{rel}","templated":true}]}}