{"id":1961,"date":"2018-05-22T09:07:45","date_gmt":"2018-05-22T07:07:45","guid":{"rendered":"http:\/\/agora.xtec.cat\/escolacampclar\/?p=1961"},"modified":"2018-05-22T09:07:01","modified_gmt":"2018-05-22T07:07:01","slug":"sortida-juguem-com-jugaven-els-i-les-nenes-de-tarraco","status":"publish","type":"post","link":"https:\/\/agora.xtec.cat\/escolacampclar\/general\/sortida-juguem-com-jugaven-els-i-les-nenes-de-tarraco\/","title":{"rendered":"Sortida &#8220;juguem com jugaven els i les nenes de Tarraco&#8221;"},"content":{"rendered":"<p style=\"text-align: center;\"><a href=\"http:\/\/agora.xtec.cat\/escolacampclar\/wp-content\/uploads\/usu687\/2018\/05\/portada.jpg\"><img loading=\"lazy\" decoding=\"async\" class=\"alignnone size-large wp-image-1962\" src=\"http:\/\/agora.xtec.cat\/escolacampclar\/wp-content\/uploads\/usu687\/2018\/05\/portada-1024x490.jpg\" alt=\"\" width=\"1024\" height=\"490\" srcset=\"https:\/\/agora.xtec.cat\/escolacampclar\/wp-content\/uploads\/usu687\/2018\/05\/portada-1024x490.jpg 1024w, https:\/\/agora.xtec.cat\/escolacampclar\/wp-content\/uploads\/usu687\/2018\/05\/portada-300x144.jpg 300w, https:\/\/agora.xtec.cat\/escolacampclar\/wp-content\/uploads\/usu687\/2018\/05\/portada-768x368.jpg 768w, https:\/\/agora.xtec.cat\/escolacampclar\/wp-content\/uploads\/usu687\/2018\/05\/portada.jpg 1309w\" sizes=\"auto, (max-width: 1024px) 100vw, 1024px\" \/><\/a><\/p>\n<p style=\"text-align: center;\">Aquest dijous, 17 de maig, hem participat de l\u2019activitat \u201cJuguem com jugaven les nenes i els nens de Tarraco\u201d que organitza el CdA de Tarragona dins de les activitats de la Tarraco Viva.<br \/>\nHem anat al Camp de Mart i ens hem trobat amb un munt de jocs: llen\u00e7ar monedes, jocs de pilota, jocs de rol, saltar a la corda, a ulls clucs, i molts, molts m\u00e9s. Ens hem vestit com les romanes, hem fet bra\u00e7alets, figures de fang, etc&#8230;Tamb\u00e9 hem vist un espectacle de lluita de gladiadors.<br \/>\nDespr\u00e9s ens hem passejat pels carrers i places de la Tarraco utilizant l\u2019App Imageen Tarraco de realitat augmentada que ens ha transportat a l\u2019\u00e8poca romana. Hem estat al recinte de culte, a la pla\u00e7a del F\u00f2rum, al Circ i hem acabat a l\u2019amfiteatre. Fant\u00e0stic!!!!.<br \/>\nI com no pot faltar a un bon tarragon\u00ed , hem anat a \u201ctocar ferro\u201d al balc\u00f3 i rambla avall cap a l\u2019escola.<br \/>\nHa estat una sortida molt divertida, alhora que ens hem apropat una mica als nostres avantpassats els romans.<br \/>\nAqu\u00ed podeu veure i gaudir del nostre gran dia!!!!<\/p>\n<h1 style=\"text-align: center;\"><a href=\"https:\/\/drive.google.com\/open?id=1ioxcP2tSMXTXL4bbQxqP1LZzAxuS0jVJ\" target=\"_blank\" rel=\"noopener noreferrer\"><span style=\"color: #ff9900;\">VEURE TOTES LES FOTOS!<\/span><\/a><\/h1>\n","protected":false},"excerpt":{"rendered":"<p><a href=\"http:\/\/agora.xtec.cat\/escolacampclar\/wp-content\/uploads\/usu687\/2018\/05\/portada.jpg\"><\/a><br \/>\nAquest dijous, 17 de maig, hem participat de l\u2019activitat \u201cJuguem com jugaven les nenes i els nens de Tarraco\u201d que organitza el CdA de Tarragona dins de les activitats de la Tarraco Viva.<br \/>\nHem anat al Camp de Mart i ens hem trobat amb un&hellip;  <a href=\"https:\/\/agora.xtec.cat\/escolacampclar\/general\/sortida-juguem-com-jugaven-els-i-les-nenes-de-tarraco\/\" title=\"Read Sortida &#8220;juguem com jugaven els i les nenes de Tarraco&#8221;\">Llegeix m\u00e9s\u00bb<\/a><\/p>\n","protected":false},"author":14,"featured_media":1962,"comment_status":"open","ping_status":"closed","sticky":false,"template":"","format":"standard","meta":{"_bbp_topic_count":0,"_bbp_reply_count":0,"_bbp_total_topic_count":0,"_bbp_total_reply_count":0,"_bbp_voice_count":0,"_bbp_anonymous_reply_count":0,"_bbp_topic_count_hidden":0,"_bbp_reply_count_hidden":0,"_bbp_forum_subforum_count":0,"footnotes":""},"categories":[26,1],"tags":[],"class_list":["post-1961","post","type-post","status-publish","format-standard","has-post-thumbnail","hentry","category-cicle-superior","category-general"],"post_mailing_queue_ids":[],"_links":{"self":[{"href":"https:\/\/agora.xtec.cat\/escolacampclar\/wp-json\/wp\/v2\/posts\/1961","targetHints":{"allow":["GET"]}}],"collection":[{"href":"https:\/\/agora.xtec.cat\/escolacampclar\/wp-json\/wp\/v2\/posts"}],"about":[{"href":"https:\/\/agora.xtec.cat\/escolacampclar\/wp-json\/wp\/v2\/types\/post"}],"author":[{"embeddable":true,"href":"https:\/\/agora.xtec.cat\/escolacampclar\/wp-json\/wp\/v2\/users\/14"}],"replies":[{"embeddable":true,"href":"https:\/\/agora.xtec.cat\/escolacampclar\/wp-json\/wp\/v2\/comments?post=1961"}],"version-history":[{"count":2,"href":"https:\/\/agora.xtec.cat\/escolacampclar\/wp-json\/wp\/v2\/posts\/1961\/revisions"}],"predecessor-version":[{"id":1964,"href":"https:\/\/agora.xtec.cat\/escolacampclar\/wp-json\/wp\/v2\/posts\/1961\/revisions\/1964"}],"wp:featuredmedia":[{"embeddable":true,"href":"https:\/\/agora.xtec.cat\/escolacampclar\/wp-json\/wp\/v2\/media\/1962"}],"wp:attachment":[{"href":"https:\/\/agora.xtec.cat\/escolacampclar\/wp-json\/wp\/v2\/media?parent=1961"}],"wp:term":[{"taxonomy":"category","embeddable":true,"href":"https:\/\/agora.xtec.cat\/escolacampclar\/wp-json\/wp\/v2\/categories?post=1961"},{"taxonomy":"post_tag","embeddable":true,"href":"https:\/\/agora.xtec.cat\/escolacampclar\/wp-json\/wp\/v2\/tags?post=1961"}],"curies":[{"name":"wp","href":"https:\/\/api.w.org\/{rel}","templated":true}]}}