{"id":1948,"date":"2018-04-25T09:19:36","date_gmt":"2018-04-25T07:19:36","guid":{"rendered":"http:\/\/agora.xtec.cat\/escolacampclar\/?p=1948"},"modified":"2018-04-25T09:26:52","modified_gmt":"2018-04-25T07:26:52","slug":"taller-de-pa","status":"publish","type":"post","link":"https:\/\/agora.xtec.cat\/escolacampclar\/general\/taller-de-pa\/","title":{"rendered":"Taller de pa"},"content":{"rendered":"<p>En aquest article podreu gaudir de les imatges del meravell\u00f3s <em>Taller de pa<\/em> que van impartir les mares d&#8217;alguns dels nostres alumnes el passat 19 i 20 d&#8217;abril.<\/p>\n<p>De P3 a 6\u00e8 vam gaudir amb les habilitats d&#8217;aquestes cuineres de luxe. Valorem molt el seu esfor\u00e7 per expressar-se en catal\u00e0 i l&#8217;entusiasme que ens van transmetre.<\/p>\n<p>El pa elaborat ens va servir per a la <em>Fira d&#8217;oficis medievals<\/em> que es va dur a terme el 24 d&#8217;abril i que va aplegar a tots els centres de la zona. Felicitats!<\/p>\n<p><a href=\"https:\/\/drive.google.com\/drive\/folders\/1iFN3uqe8lAagOpzcFZym0APb294JScNG?usp=sharing\">Imatges del <em>Taller de pa<\/em><\/a><\/p>\n","protected":false},"excerpt":{"rendered":"<p>En aquest article podreu gaudir de les imatges del meravell\u00f3s Taller de pa que van impartir les mares d&#8217;alguns dels nostres alumnes el passat 19 i 20 d&#8217;abril.<br \/>\nDe P3 a 6\u00e8 vam gaudir amb les habilitats d&#8217;aquestes cuineres de luxe. Valorem molt el seu esfor\u00e7&hellip;  <a href=\"https:\/\/agora.xtec.cat\/escolacampclar\/general\/taller-de-pa\/\" title=\"Read Taller de pa\">Llegeix m\u00e9s\u00bb<\/a><\/p>\n","protected":false},"author":14,"featured_media":1949,"comment_status":"open","ping_status":"closed","sticky":false,"template":"","format":"standard","meta":{"_bbp_topic_count":0,"_bbp_reply_count":0,"_bbp_total_topic_count":0,"_bbp_total_reply_count":0,"_bbp_voice_count":0,"_bbp_anonymous_reply_count":0,"_bbp_topic_count_hidden":0,"_bbp_reply_count_hidden":0,"_bbp_forum_subforum_count":0,"footnotes":""},"categories":[24,25,26,59,29,1],"tags":[289,288,287,187,286],"class_list":["post-1948","post","type-post","status-publish","format-standard","has-post-thumbnail","hentry","category-cicle-inicial","category-cicle-mitja","category-cicle-superior","category-infantil","category-festes","category-general","tag-catala","tag-cohesio","tag-mares","tag-sant-jordi","tag-taller-de-pa"],"post_mailing_queue_ids":[],"_links":{"self":[{"href":"https:\/\/agora.xtec.cat\/escolacampclar\/wp-json\/wp\/v2\/posts\/1948","targetHints":{"allow":["GET"]}}],"collection":[{"href":"https:\/\/agora.xtec.cat\/escolacampclar\/wp-json\/wp\/v2\/posts"}],"about":[{"href":"https:\/\/agora.xtec.cat\/escolacampclar\/wp-json\/wp\/v2\/types\/post"}],"author":[{"embeddable":true,"href":"https:\/\/agora.xtec.cat\/escolacampclar\/wp-json\/wp\/v2\/users\/14"}],"replies":[{"embeddable":true,"href":"https:\/\/agora.xtec.cat\/escolacampclar\/wp-json\/wp\/v2\/comments?post=1948"}],"version-history":[{"count":1,"href":"https:\/\/agora.xtec.cat\/escolacampclar\/wp-json\/wp\/v2\/posts\/1948\/revisions"}],"predecessor-version":[{"id":1950,"href":"https:\/\/agora.xtec.cat\/escolacampclar\/wp-json\/wp\/v2\/posts\/1948\/revisions\/1950"}],"wp:featuredmedia":[{"embeddable":true,"href":"https:\/\/agora.xtec.cat\/escolacampclar\/wp-json\/wp\/v2\/media\/1949"}],"wp:attachment":[{"href":"https:\/\/agora.xtec.cat\/escolacampclar\/wp-json\/wp\/v2\/media?parent=1948"}],"wp:term":[{"taxonomy":"category","embeddable":true,"href":"https:\/\/agora.xtec.cat\/escolacampclar\/wp-json\/wp\/v2\/categories?post=1948"},{"taxonomy":"post_tag","embeddable":true,"href":"https:\/\/agora.xtec.cat\/escolacampclar\/wp-json\/wp\/v2\/tags?post=1948"}],"curies":[{"name":"wp","href":"https:\/\/api.w.org\/{rel}","templated":true}]}}