{"id":1945,"date":"2018-04-24T17:59:32","date_gmt":"2018-04-24T15:59:32","guid":{"rendered":"http:\/\/agora.xtec.cat\/escolacampclar\/?p=1945"},"modified":"2018-04-24T17:59:32","modified_gmt":"2018-04-24T15:59:32","slug":"el-drac-del-nostre-poble-3","status":"publish","type":"post","link":"https:\/\/agora.xtec.cat\/escolacampclar\/general\/el-drac-del-nostre-poble-3\/","title":{"rendered":"El Drac del nostre poble"},"content":{"rendered":"<p>A l&#8217;Escola Campclar Sant Jordi \u00e9s sin\u00f2nim de teatre del bo, com diria un m\u00edtic i pol\u00e8mic t\u00e8cnic portugu\u00e8s. Com cada any, els alumnes de 5\u00e8 han treballat durant tot el segon trimestre per pujar a l&#8217;escenari i deixar-nos amb un pam de nas interpretant la ja m\u00edtica obra de teatre<em> El Drac el nostre poble.\u00a0<\/em><\/p>\n<p>Gran tasca de l&#8217;Enriqueta Torres a la direcci\u00f3, treient el millor de cada alumne en la interpretaci\u00f3 dels personatges, de les tutores, la Magda, sempre fidel en la part t\u00e8cnica, i la Rosalia i de tot l&#8217;equip docent en general. Agra\u00efr tamb\u00e9 la pres\u00e8ncia de les fam\u00edlies, sempre tant important per nosaltres.<\/p>\n<p><a href=\"https:\/\/drive.google.com\/folderview?id=1NKq3PwNFIk3DnsvYtF_2Fq7mmLTG9FwF\">Imatges de la jornada<\/a><\/p>\n","protected":false},"excerpt":{"rendered":"<p>A l&#8217;Escola Campclar Sant Jordi \u00e9s sin\u00f2nim de teatre del bo, com diria un m\u00edtic i pol\u00e8mic t\u00e8cnic portugu\u00e8s. Com cada any, els alumnes de 5\u00e8 han treballat durant tot el segon trimestre per pujar a l&#8217;escenari i deixar-nos amb un pam de nas interpretant&hellip;  <a href=\"https:\/\/agora.xtec.cat\/escolacampclar\/general\/el-drac-del-nostre-poble-3\/\" title=\"Read El Drac del nostre poble\">Llegeix m\u00e9s\u00bb<\/a><\/p>\n","protected":false},"author":14,"featured_media":1946,"comment_status":"open","ping_status":"closed","sticky":false,"template":"","format":"standard","meta":{"_bbp_topic_count":0,"_bbp_reply_count":0,"_bbp_total_topic_count":0,"_bbp_total_reply_count":0,"_bbp_voice_count":0,"_bbp_anonymous_reply_count":0,"_bbp_topic_count_hidden":0,"_bbp_reply_count_hidden":0,"_bbp_forum_subforum_count":0,"footnotes":""},"categories":[23,26,1],"tags":[188,187],"class_list":["post-1945","post","type-post","status-publish","format-standard","has-post-thumbnail","hentry","category-biblioteca","category-cicle-superior","category-general","tag-el-drac-del-nostre-poble","tag-sant-jordi"],"post_mailing_queue_ids":[],"_links":{"self":[{"href":"https:\/\/agora.xtec.cat\/escolacampclar\/wp-json\/wp\/v2\/posts\/1945","targetHints":{"allow":["GET"]}}],"collection":[{"href":"https:\/\/agora.xtec.cat\/escolacampclar\/wp-json\/wp\/v2\/posts"}],"about":[{"href":"https:\/\/agora.xtec.cat\/escolacampclar\/wp-json\/wp\/v2\/types\/post"}],"author":[{"embeddable":true,"href":"https:\/\/agora.xtec.cat\/escolacampclar\/wp-json\/wp\/v2\/users\/14"}],"replies":[{"embeddable":true,"href":"https:\/\/agora.xtec.cat\/escolacampclar\/wp-json\/wp\/v2\/comments?post=1945"}],"version-history":[{"count":1,"href":"https:\/\/agora.xtec.cat\/escolacampclar\/wp-json\/wp\/v2\/posts\/1945\/revisions"}],"predecessor-version":[{"id":1947,"href":"https:\/\/agora.xtec.cat\/escolacampclar\/wp-json\/wp\/v2\/posts\/1945\/revisions\/1947"}],"wp:featuredmedia":[{"embeddable":true,"href":"https:\/\/agora.xtec.cat\/escolacampclar\/wp-json\/wp\/v2\/media\/1946"}],"wp:attachment":[{"href":"https:\/\/agora.xtec.cat\/escolacampclar\/wp-json\/wp\/v2\/media?parent=1945"}],"wp:term":[{"taxonomy":"category","embeddable":true,"href":"https:\/\/agora.xtec.cat\/escolacampclar\/wp-json\/wp\/v2\/categories?post=1945"},{"taxonomy":"post_tag","embeddable":true,"href":"https:\/\/agora.xtec.cat\/escolacampclar\/wp-json\/wp\/v2\/tags?post=1945"}],"curies":[{"name":"wp","href":"https:\/\/api.w.org\/{rel}","templated":true}]}}