{"id":1940,"date":"2018-04-24T17:43:22","date_gmt":"2018-04-24T15:43:22","guid":{"rendered":"http:\/\/agora.xtec.cat\/escolacampclar\/?p=1940"},"modified":"2018-04-24T17:47:54","modified_gmt":"2018-04-24T15:47:54","slug":"fira-dels-oficis-medievals","status":"publish","type":"post","link":"https:\/\/agora.xtec.cat\/escolacampclar\/general\/fira-dels-oficis-medievals\/","title":{"rendered":"Fira dels oficis medievals"},"content":{"rendered":"<p>Sant Jordi ja arriba i com cada any des del Pla Educatiu d&#8217;Entorn de Tarragona es coordinen diferents events que cohesionen la zona educativa dels barris de Ponent. Aquest any s&#8217;ha organitzat una <em>Fira d&#8217;oficis medievals<\/em> on les diferents escoles de la zona han pogut mostrar les auques relacionades amb l&#8217;ofici triat.<\/p>\n<p>Des de l&#8217;escola hem triat l&#8217;ofici de forner i hem convidat a les fam\u00edlies, que ens han explicat el proc\u00e9s d&#8217;elaboraci\u00f3 de diferents tipus de pans i ens han fet una demostraci\u00f3 fant\u00e0stica que ha acabat amb un tastet bon\u00edssim. Aquesta gran feina entre centre i fam\u00edlies l&#8217;hem aprofitat per exposar en la nostra paradeta els productes elaborats. A banda, alguns alumnes del centre han explicat a tots els assistents l&#8217;auca del forner.<\/p>\n<p>Per acabar-ho d&#8217;adobar, la nostra coral ha participat en l&#8217;acte. Jornada incre\u00efble i una gran tasca de mestres, fam\u00edlies i alumnes. Moltes felicitats.<\/p>\n<p><a href=\"https:\/\/drive.google.com\/folderview?id=1dZgypJ5_Z_IJvlvg9eA0QM3zPF-gtoje\">Clica aqu\u00ed si vols veure fotos de la jornada.<\/a><\/p>\n","protected":false},"excerpt":{"rendered":"<p>Sant Jordi ja arriba i com cada any des del Pla Educatiu d&#8217;Entorn de Tarragona es coordinen diferents events que cohesionen la zona educativa dels barris de Ponent. Aquest any s&#8217;ha organitzat una Fira d&#8217;oficis medievals on les diferents escoles de la zona han pogut&hellip;  <a href=\"https:\/\/agora.xtec.cat\/escolacampclar\/general\/fira-dels-oficis-medievals\/\" title=\"Read Fira dels oficis medievals\">Llegeix m\u00e9s\u00bb<\/a><\/p>\n","protected":false},"author":14,"featured_media":1941,"comment_status":"open","ping_status":"closed","sticky":false,"template":"","format":"standard","meta":{"_bbp_topic_count":0,"_bbp_reply_count":0,"_bbp_total_topic_count":0,"_bbp_total_reply_count":0,"_bbp_voice_count":0,"_bbp_anonymous_reply_count":0,"_bbp_topic_count_hidden":0,"_bbp_reply_count_hidden":0,"_bbp_forum_subforum_count":0,"footnotes":""},"categories":[23,1,32],"tags":[285,44,246,284,187],"class_list":["post-1940","post","type-post","status-publish","format-standard","has-post-thumbnail","hentry","category-biblioteca","category-general","category-sant-jordi","tag-auca","tag-escola-campclar","tag-families","tag-peet","tag-sant-jordi"],"post_mailing_queue_ids":[],"_links":{"self":[{"href":"https:\/\/agora.xtec.cat\/escolacampclar\/wp-json\/wp\/v2\/posts\/1940","targetHints":{"allow":["GET"]}}],"collection":[{"href":"https:\/\/agora.xtec.cat\/escolacampclar\/wp-json\/wp\/v2\/posts"}],"about":[{"href":"https:\/\/agora.xtec.cat\/escolacampclar\/wp-json\/wp\/v2\/types\/post"}],"author":[{"embeddable":true,"href":"https:\/\/agora.xtec.cat\/escolacampclar\/wp-json\/wp\/v2\/users\/14"}],"replies":[{"embeddable":true,"href":"https:\/\/agora.xtec.cat\/escolacampclar\/wp-json\/wp\/v2\/comments?post=1940"}],"version-history":[{"count":2,"href":"https:\/\/agora.xtec.cat\/escolacampclar\/wp-json\/wp\/v2\/posts\/1940\/revisions"}],"predecessor-version":[{"id":1944,"href":"https:\/\/agora.xtec.cat\/escolacampclar\/wp-json\/wp\/v2\/posts\/1940\/revisions\/1944"}],"wp:featuredmedia":[{"embeddable":true,"href":"https:\/\/agora.xtec.cat\/escolacampclar\/wp-json\/wp\/v2\/media\/1941"}],"wp:attachment":[{"href":"https:\/\/agora.xtec.cat\/escolacampclar\/wp-json\/wp\/v2\/media?parent=1940"}],"wp:term":[{"taxonomy":"category","embeddable":true,"href":"https:\/\/agora.xtec.cat\/escolacampclar\/wp-json\/wp\/v2\/categories?post=1940"},{"taxonomy":"post_tag","embeddable":true,"href":"https:\/\/agora.xtec.cat\/escolacampclar\/wp-json\/wp\/v2\/tags?post=1940"}],"curies":[{"name":"wp","href":"https:\/\/api.w.org\/{rel}","templated":true}]}}