{"id":1932,"date":"2018-04-05T11:46:54","date_gmt":"2018-04-05T09:46:54","guid":{"rendered":"http:\/\/agora.xtec.cat\/escolacampclar\/?p=1932"},"modified":"2018-04-05T11:46:54","modified_gmt":"2018-04-05T09:46:54","slug":"dia-mundial-de-la-poesia-4","status":"publish","type":"post","link":"https:\/\/agora.xtec.cat\/escolacampclar\/general\/dia-mundial-de-la-poesia-4\/","title":{"rendered":"Dia mundial de la poesia"},"content":{"rendered":"<p>La Unesco va declarar el 21 de mar\u00e7 Dia Mundial de la Poesia. Com cada any ens hem sumat a la celebraci\u00f3 recitant el poema <em>La poesia<\/em> de l&#8217;escriptor valenci\u00e0 Marc Granell en diferents idiomes. A m\u00e9s, diferents alumnes han recitat altres poesies per tal d&#8217;arrodonir una vetllada molt especial.<\/p>\n<p>Us deixem uns v\u00eddeos per tal que pugueu gaudir de la jornada.<\/p>\n<p>&nbsp;<br \/>\n<iframe loading=\"lazy\" src=\"https:\/\/www.youtube.com\/embed\/pFexIEsu4IE\" width=\"560\" height=\"315\" frameborder=\"0\" allowfullscreen=\"allowfullscreen\"><\/iframe><\/p>\n<p><iframe loading=\"lazy\" src=\"https:\/\/www.youtube.com\/embed\/6Q_2K77gklY\" width=\"560\" height=\"315\" frameborder=\"0\" allowfullscreen=\"allowfullscreen\"><\/iframe><\/p>\n","protected":false},"excerpt":{"rendered":"<p>La Unesco va declarar el 21 de mar\u00e7 Dia Mundial de la Poesia. Com cada any ens hem sumat a la celebraci\u00f3 recitant el poema La poesia de l&#8217;escriptor valenci\u00e0 Marc Granell en diferents idiomes. A m\u00e9s, diferents alumnes han recitat altres poesies per tal&hellip;  <a href=\"https:\/\/agora.xtec.cat\/escolacampclar\/general\/dia-mundial-de-la-poesia-4\/\" title=\"Read Dia mundial de la poesia\">Llegeix m\u00e9s\u00bb<\/a><\/p>\n","protected":false},"author":14,"featured_media":1933,"comment_status":"open","ping_status":"closed","sticky":false,"template":"","format":"standard","meta":{"_bbp_topic_count":0,"_bbp_reply_count":0,"_bbp_total_topic_count":0,"_bbp_total_reply_count":0,"_bbp_voice_count":0,"_bbp_anonymous_reply_count":0,"_bbp_topic_count_hidden":0,"_bbp_reply_count_hidden":0,"_bbp_forum_subforum_count":0,"footnotes":""},"categories":[23,29,1],"tags":[177,281],"class_list":["post-1932","post","type-post","status-publish","format-standard","has-post-thumbnail","hentry","category-biblioteca","category-festes","category-general","tag-dia-mundial-de-la-poesia","tag-lletres-catalanes"],"post_mailing_queue_ids":[],"_links":{"self":[{"href":"https:\/\/agora.xtec.cat\/escolacampclar\/wp-json\/wp\/v2\/posts\/1932","targetHints":{"allow":["GET"]}}],"collection":[{"href":"https:\/\/agora.xtec.cat\/escolacampclar\/wp-json\/wp\/v2\/posts"}],"about":[{"href":"https:\/\/agora.xtec.cat\/escolacampclar\/wp-json\/wp\/v2\/types\/post"}],"author":[{"embeddable":true,"href":"https:\/\/agora.xtec.cat\/escolacampclar\/wp-json\/wp\/v2\/users\/14"}],"replies":[{"embeddable":true,"href":"https:\/\/agora.xtec.cat\/escolacampclar\/wp-json\/wp\/v2\/comments?post=1932"}],"version-history":[{"count":1,"href":"https:\/\/agora.xtec.cat\/escolacampclar\/wp-json\/wp\/v2\/posts\/1932\/revisions"}],"predecessor-version":[{"id":1934,"href":"https:\/\/agora.xtec.cat\/escolacampclar\/wp-json\/wp\/v2\/posts\/1932\/revisions\/1934"}],"wp:featuredmedia":[{"embeddable":true,"href":"https:\/\/agora.xtec.cat\/escolacampclar\/wp-json\/wp\/v2\/media\/1933"}],"wp:attachment":[{"href":"https:\/\/agora.xtec.cat\/escolacampclar\/wp-json\/wp\/v2\/media?parent=1932"}],"wp:term":[{"taxonomy":"category","embeddable":true,"href":"https:\/\/agora.xtec.cat\/escolacampclar\/wp-json\/wp\/v2\/categories?post=1932"},{"taxonomy":"post_tag","embeddable":true,"href":"https:\/\/agora.xtec.cat\/escolacampclar\/wp-json\/wp\/v2\/tags?post=1932"}],"curies":[{"name":"wp","href":"https:\/\/api.w.org\/{rel}","templated":true}]}}