{"id":1926,"date":"2018-03-22T09:01:32","date_gmt":"2018-03-22T08:01:32","guid":{"rendered":"http:\/\/agora.xtec.cat\/escolacampclar\/?p=1926"},"modified":"2018-05-22T09:03:59","modified_gmt":"2018-05-22T07:03:59","slug":"visita-de-lies-campclar","status":"publish","type":"post","link":"https:\/\/agora.xtec.cat\/escolacampclar\/general\/visita-de-lies-campclar\/","title":{"rendered":"Visita de l&#8217;IES Campclar"},"content":{"rendered":"<p>Avui els i les alumnes de sis\u00e8 hem rebut la visita de dos mestres de l&#8217;IES Campclar que ens han explicat com treballen i quines son les aules que es trobaran un cop all\u00ed. Tamb\u00e9 han vingut els pares i mares d&#8217;alguns nens i nenes per poder rebre la mateixa informaci\u00f3.<\/p>\n<p>Quan ha acabat la explicaci\u00f3 hem pogut fer moltes preguntes que han solucionat gran part dels nostres dubtes i ens han guiat per saber que ens trobarem a l&#8217;instutut.<\/p>\n<h3 style=\"text-align: center;\"><span style=\"color: #ff6600;\">MOLTES GR\u00c0CIES A L&#8217;IES CAMPCLAR PEL VOSTRE TEMPS!<\/span><\/h3>\n<p style=\"text-align: center;\"><a href=\"https:\/\/drive.google.com\/open?id=1jXSSSdQM-CGJs2You0btSklgIZAdVu1r\" target=\"_blank\" rel=\"noopener noreferrer\"><strong>Aqu\u00ed trobareu les fotografies que hem fet!<\/strong><\/a><\/p>\n","protected":false},"excerpt":{"rendered":"<p>Avui els i les alumnes de sis\u00e8 hem rebut la visita de dos mestres de l&#8217;IES Campclar que ens han explicat com treballen i quines son les aules que es trobaran un cop all\u00ed. Tamb\u00e9 han vingut els pares i mares d&#8217;alguns nens i nenes&hellip;  <a href=\"https:\/\/agora.xtec.cat\/escolacampclar\/general\/visita-de-lies-campclar\/\" title=\"Read Visita de l&#8217;IES Campclar\">Llegeix m\u00e9s\u00bb<\/a><\/p>\n","protected":false},"author":14,"featured_media":0,"comment_status":"open","ping_status":"closed","sticky":false,"template":"","format":"standard","meta":{"_bbp_topic_count":0,"_bbp_reply_count":0,"_bbp_total_topic_count":0,"_bbp_total_reply_count":0,"_bbp_voice_count":0,"_bbp_anonymous_reply_count":0,"_bbp_topic_count_hidden":0,"_bbp_reply_count_hidden":0,"_bbp_forum_subforum_count":0,"footnotes":""},"categories":[26,1],"tags":[],"class_list":["post-1926","post","type-post","status-publish","format-standard","hentry","category-cicle-superior","category-general"],"post_mailing_queue_ids":[],"_links":{"self":[{"href":"https:\/\/agora.xtec.cat\/escolacampclar\/wp-json\/wp\/v2\/posts\/1926","targetHints":{"allow":["GET"]}}],"collection":[{"href":"https:\/\/agora.xtec.cat\/escolacampclar\/wp-json\/wp\/v2\/posts"}],"about":[{"href":"https:\/\/agora.xtec.cat\/escolacampclar\/wp-json\/wp\/v2\/types\/post"}],"author":[{"embeddable":true,"href":"https:\/\/agora.xtec.cat\/escolacampclar\/wp-json\/wp\/v2\/users\/14"}],"replies":[{"embeddable":true,"href":"https:\/\/agora.xtec.cat\/escolacampclar\/wp-json\/wp\/v2\/comments?post=1926"}],"version-history":[{"count":3,"href":"https:\/\/agora.xtec.cat\/escolacampclar\/wp-json\/wp\/v2\/posts\/1926\/revisions"}],"predecessor-version":[{"id":1973,"href":"https:\/\/agora.xtec.cat\/escolacampclar\/wp-json\/wp\/v2\/posts\/1926\/revisions\/1973"}],"wp:attachment":[{"href":"https:\/\/agora.xtec.cat\/escolacampclar\/wp-json\/wp\/v2\/media?parent=1926"}],"wp:term":[{"taxonomy":"category","embeddable":true,"href":"https:\/\/agora.xtec.cat\/escolacampclar\/wp-json\/wp\/v2\/categories?post=1926"},{"taxonomy":"post_tag","embeddable":true,"href":"https:\/\/agora.xtec.cat\/escolacampclar\/wp-json\/wp\/v2\/tags?post=1926"}],"curies":[{"name":"wp","href":"https:\/\/api.w.org\/{rel}","templated":true}]}}