{"id":1918,"date":"2018-03-19T12:57:59","date_gmt":"2018-03-19T11:57:59","guid":{"rendered":"http:\/\/agora.xtec.cat\/escolacampclar\/?p=1918"},"modified":"2018-03-19T16:07:32","modified_gmt":"2018-03-19T15:07:32","slug":"recital-de-poesia-cicle-inicial","status":"publish","type":"post","link":"https:\/\/agora.xtec.cat\/escolacampclar\/general\/recital-de-poesia-cicle-inicial\/","title":{"rendered":"RECITAL DE POESIA CICLE INICIAL"},"content":{"rendered":"<p>Avui dilluns, els alumnes de Cicle Inicial hem fet un recital de poesia, celebrant que avui \u00e9s el dia del pare, que comen\u00e7a la primavera i que aviat ens menjarem la mona, per tant, com que ten\u00edem tantes coses per celebrar, ho hem volgut transmetre a trav\u00e9s de la poesia.<\/p>\n<p>Hem recitat poemes de Joana Raspall i Lola Casas i els alumnes de segon fins i tot se&#8217;n han inventat un per al dia del pare.<\/p>\n<p>Ha estat divertit, significatiu i molt interessant.<\/p>\n<p><a href=\"https:\/\/drive.google.com\/open?id=1IsV9AgfjYuNGepETzZ-YJO9oiQ-hdnBu\">Us deixem v\u00eddeos i fotos de la jornada<\/a><\/p>\n","protected":false},"excerpt":{"rendered":"<p>Avui dilluns, els alumnes de Cicle Inicial hem fet un recital de poesia, celebrant que avui \u00e9s el dia del pare, que comen\u00e7a la primavera i que aviat ens menjarem la mona, per tant, com que ten\u00edem tantes coses per celebrar, ho hem volgut transmetre&hellip;  <a href=\"https:\/\/agora.xtec.cat\/escolacampclar\/general\/recital-de-poesia-cicle-inicial\/\" title=\"Read RECITAL DE POESIA CICLE INICIAL\">Llegeix m\u00e9s\u00bb<\/a><\/p>\n","protected":false},"author":15,"featured_media":1923,"comment_status":"open","ping_status":"closed","sticky":false,"template":"","format":"standard","meta":{"_bbp_topic_count":0,"_bbp_reply_count":0,"_bbp_total_topic_count":0,"_bbp_total_reply_count":0,"_bbp_voice_count":0,"_bbp_anonymous_reply_count":0,"_bbp_topic_count_hidden":0,"_bbp_reply_count_hidden":0,"_bbp_forum_subforum_count":0,"footnotes":""},"categories":[24,1],"tags":[36,44,235],"class_list":["post-1918","post","type-post","status-publish","format-standard","has-post-thumbnail","hentry","category-cicle-inicial","category-general","tag-cicle-inicial","tag-escola-campclar","tag-poesia"],"post_mailing_queue_ids":[],"_links":{"self":[{"href":"https:\/\/agora.xtec.cat\/escolacampclar\/wp-json\/wp\/v2\/posts\/1918","targetHints":{"allow":["GET"]}}],"collection":[{"href":"https:\/\/agora.xtec.cat\/escolacampclar\/wp-json\/wp\/v2\/posts"}],"about":[{"href":"https:\/\/agora.xtec.cat\/escolacampclar\/wp-json\/wp\/v2\/types\/post"}],"author":[{"embeddable":true,"href":"https:\/\/agora.xtec.cat\/escolacampclar\/wp-json\/wp\/v2\/users\/15"}],"replies":[{"embeddable":true,"href":"https:\/\/agora.xtec.cat\/escolacampclar\/wp-json\/wp\/v2\/comments?post=1918"}],"version-history":[{"count":3,"href":"https:\/\/agora.xtec.cat\/escolacampclar\/wp-json\/wp\/v2\/posts\/1918\/revisions"}],"predecessor-version":[{"id":1925,"href":"https:\/\/agora.xtec.cat\/escolacampclar\/wp-json\/wp\/v2\/posts\/1918\/revisions\/1925"}],"wp:featuredmedia":[{"embeddable":true,"href":"https:\/\/agora.xtec.cat\/escolacampclar\/wp-json\/wp\/v2\/media\/1923"}],"wp:attachment":[{"href":"https:\/\/agora.xtec.cat\/escolacampclar\/wp-json\/wp\/v2\/media?parent=1918"}],"wp:term":[{"taxonomy":"category","embeddable":true,"href":"https:\/\/agora.xtec.cat\/escolacampclar\/wp-json\/wp\/v2\/categories?post=1918"},{"taxonomy":"post_tag","embeddable":true,"href":"https:\/\/agora.xtec.cat\/escolacampclar\/wp-json\/wp\/v2\/tags?post=1918"}],"curies":[{"name":"wp","href":"https:\/\/api.w.org\/{rel}","templated":true}]}}