{"id":1915,"date":"2018-03-21T09:20:06","date_gmt":"2018-03-21T08:20:06","guid":{"rendered":"http:\/\/agora.xtec.cat\/escolacampclar\/?p=1915"},"modified":"2018-03-19T09:24:17","modified_gmt":"2018-03-19T08:24:17","slug":"mal-de-closca","status":"publish","type":"post","link":"https:\/\/agora.xtec.cat\/escolacampclar\/general\/mal-de-closca\/","title":{"rendered":"Mal de closca"},"content":{"rendered":"<p>Els alumnes d&#8217;infantil hem anat al teatre a veure la representaci\u00f3 &#8220;Mal de closca&#8221; i ens ha agradat molt! L&#8217;obre parla de les angoixes que tenim els m\u00e9s petits i perqu\u00e8 no, alguns grans, per anar al metge. Amb aquesta obra podrem entendre que no \u00e9s tant greu com sembla i que anar al metge nom\u00e9s far\u00e0 que millorar la nostra salut!<\/p>\n<p><a href=\"https:\/\/drive.google.com\/open?id=1-Iyrdx_F0gmfecMd2BPv-IOW7leULU95\">Clica per veure alguna imatge.<\/a><\/p>\n","protected":false},"excerpt":{"rendered":"<p>Els alumnes d&#8217;infantil hem anat al teatre a veure la representaci\u00f3 &#8220;Mal de closca&#8221; i ens ha agradat molt! L&#8217;obre parla de les angoixes que tenim els m\u00e9s petits i perqu\u00e8 no, alguns grans, per anar al metge. Amb aquesta obra podrem entendre que no&hellip;  <a href=\"https:\/\/agora.xtec.cat\/escolacampclar\/general\/mal-de-closca\/\" title=\"Read Mal de closca\">Llegeix m\u00e9s\u00bb<\/a><\/p>\n","protected":false},"author":14,"featured_media":1916,"comment_status":"open","ping_status":"closed","sticky":false,"template":"","format":"standard","meta":{"_bbp_topic_count":0,"_bbp_reply_count":0,"_bbp_total_topic_count":0,"_bbp_total_reply_count":0,"_bbp_voice_count":0,"_bbp_anonymous_reply_count":0,"_bbp_topic_count_hidden":0,"_bbp_reply_count_hidden":0,"_bbp_forum_subforum_count":0,"footnotes":""},"categories":[59,1],"tags":[44,98,279,99],"class_list":["post-1915","post","type-post","status-publish","format-standard","has-post-thumbnail","hentry","category-infantil","category-general","tag-escola-campclar","tag-infantil","tag-mal-de-closca","tag-teatre"],"post_mailing_queue_ids":[],"_links":{"self":[{"href":"https:\/\/agora.xtec.cat\/escolacampclar\/wp-json\/wp\/v2\/posts\/1915","targetHints":{"allow":["GET"]}}],"collection":[{"href":"https:\/\/agora.xtec.cat\/escolacampclar\/wp-json\/wp\/v2\/posts"}],"about":[{"href":"https:\/\/agora.xtec.cat\/escolacampclar\/wp-json\/wp\/v2\/types\/post"}],"author":[{"embeddable":true,"href":"https:\/\/agora.xtec.cat\/escolacampclar\/wp-json\/wp\/v2\/users\/14"}],"replies":[{"embeddable":true,"href":"https:\/\/agora.xtec.cat\/escolacampclar\/wp-json\/wp\/v2\/comments?post=1915"}],"version-history":[{"count":1,"href":"https:\/\/agora.xtec.cat\/escolacampclar\/wp-json\/wp\/v2\/posts\/1915\/revisions"}],"predecessor-version":[{"id":1917,"href":"https:\/\/agora.xtec.cat\/escolacampclar\/wp-json\/wp\/v2\/posts\/1915\/revisions\/1917"}],"wp:featuredmedia":[{"embeddable":true,"href":"https:\/\/agora.xtec.cat\/escolacampclar\/wp-json\/wp\/v2\/media\/1916"}],"wp:attachment":[{"href":"https:\/\/agora.xtec.cat\/escolacampclar\/wp-json\/wp\/v2\/media?parent=1915"}],"wp:term":[{"taxonomy":"category","embeddable":true,"href":"https:\/\/agora.xtec.cat\/escolacampclar\/wp-json\/wp\/v2\/categories?post=1915"},{"taxonomy":"post_tag","embeddable":true,"href":"https:\/\/agora.xtec.cat\/escolacampclar\/wp-json\/wp\/v2\/tags?post=1915"}],"curies":[{"name":"wp","href":"https:\/\/api.w.org\/{rel}","templated":true}]}}