{"id":1909,"date":"2018-03-19T09:13:53","date_gmt":"2018-03-19T08:13:53","guid":{"rendered":"http:\/\/agora.xtec.cat\/escolacampclar\/?p=1909"},"modified":"2018-03-19T09:13:53","modified_gmt":"2018-03-19T08:13:53","slug":"laapbook-de-la-prehistoria","status":"publish","type":"post","link":"https:\/\/agora.xtec.cat\/escolacampclar\/general\/laapbook-de-la-prehistoria\/","title":{"rendered":"Laapbook de la prehist\u00f2ria"},"content":{"rendered":"<p>Durant aquestes setmanes que hem treballat la prehist\u00f2ria els alumnes d&#8217;infantil han preparat un laapbook on poder veure r\u00e0pidament i ensenyar algunes de les coses que han apr\u00e9s. Ens encanta aprendre i acabar tenint alguna producci\u00f3 per emportar i poder ensenyar a tota la comunitat educativa de manera pr\u00e0ctica, \u00e0gil i senzilla.<\/p>\n<p>#elpasdeltemps<\/p>\n<p><a href=\"https:\/\/drive.google.com\/open?id=1UTo7yBVEonSV9ccMVh_llhc3vdwSGt_p\">Aqu\u00ed un recull d&#8217;imatges!<\/a><\/p>\n","protected":false},"excerpt":{"rendered":"<p>Durant aquestes setmanes que hem treballat la prehist\u00f2ria els alumnes d&#8217;infantil han preparat un laapbook on poder veure r\u00e0pidament i ensenyar algunes de les coses que han apr\u00e9s. Ens encanta aprendre i acabar tenint alguna producci\u00f3 per emportar i poder ensenyar a tota la comunitat&hellip;  <a href=\"https:\/\/agora.xtec.cat\/escolacampclar\/general\/laapbook-de-la-prehistoria\/\" title=\"Read Laapbook de la prehist\u00f2ria\">Llegeix m\u00e9s\u00bb<\/a><\/p>\n","protected":false},"author":14,"featured_media":1911,"comment_status":"open","ping_status":"closed","sticky":false,"template":"","format":"standard","meta":{"_bbp_topic_count":0,"_bbp_reply_count":0,"_bbp_total_topic_count":0,"_bbp_total_reply_count":0,"_bbp_voice_count":0,"_bbp_anonymous_reply_count":0,"_bbp_topic_count_hidden":0,"_bbp_reply_count_hidden":0,"_bbp_forum_subforum_count":0,"footnotes":""},"categories":[59,1],"tags":[44,98,269,255],"class_list":["post-1909","post","type-post","status-publish","format-standard","has-post-thumbnail","hentry","category-infantil","category-general","tag-escola-campclar","tag-infantil","tag-prehistoria","tag-projectes"],"post_mailing_queue_ids":[],"_links":{"self":[{"href":"https:\/\/agora.xtec.cat\/escolacampclar\/wp-json\/wp\/v2\/posts\/1909","targetHints":{"allow":["GET"]}}],"collection":[{"href":"https:\/\/agora.xtec.cat\/escolacampclar\/wp-json\/wp\/v2\/posts"}],"about":[{"href":"https:\/\/agora.xtec.cat\/escolacampclar\/wp-json\/wp\/v2\/types\/post"}],"author":[{"embeddable":true,"href":"https:\/\/agora.xtec.cat\/escolacampclar\/wp-json\/wp\/v2\/users\/14"}],"replies":[{"embeddable":true,"href":"https:\/\/agora.xtec.cat\/escolacampclar\/wp-json\/wp\/v2\/comments?post=1909"}],"version-history":[{"count":1,"href":"https:\/\/agora.xtec.cat\/escolacampclar\/wp-json\/wp\/v2\/posts\/1909\/revisions"}],"predecessor-version":[{"id":1912,"href":"https:\/\/agora.xtec.cat\/escolacampclar\/wp-json\/wp\/v2\/posts\/1909\/revisions\/1912"}],"wp:featuredmedia":[{"embeddable":true,"href":"https:\/\/agora.xtec.cat\/escolacampclar\/wp-json\/wp\/v2\/media\/1911"}],"wp:attachment":[{"href":"https:\/\/agora.xtec.cat\/escolacampclar\/wp-json\/wp\/v2\/media?parent=1909"}],"wp:term":[{"taxonomy":"category","embeddable":true,"href":"https:\/\/agora.xtec.cat\/escolacampclar\/wp-json\/wp\/v2\/categories?post=1909"},{"taxonomy":"post_tag","embeddable":true,"href":"https:\/\/agora.xtec.cat\/escolacampclar\/wp-json\/wp\/v2\/tags?post=1909"}],"curies":[{"name":"wp","href":"https:\/\/api.w.org\/{rel}","templated":true}]}}