{"id":1907,"date":"2018-03-20T09:17:11","date_gmt":"2018-03-20T08:17:11","guid":{"rendered":"http:\/\/agora.xtec.cat\/escolacampclar\/?p=1907"},"modified":"2018-03-19T09:19:30","modified_gmt":"2018-03-19T08:19:30","slug":"reutilitzam","status":"publish","type":"post","link":"https:\/\/agora.xtec.cat\/escolacampclar\/general\/reutilitzam\/","title":{"rendered":"Reutilitza&#8217;m!"},"content":{"rendered":"<p>Els alumnes de tercer de l&#8217;escola han realitzat una activitat per conscienciar sobre la import\u00e0ncia del reciclatge. Els alumnes mitjan\u00e7ant uns brics de llet, uns mecanismes i unes tauletes electr\u00f2niques jugaven a reciclar. Cadasc\u00fa havia d&#8217;encertar les deixalles al seu contenidor tenint en compte els residus que poden reciclar.<\/p>\n<p><a href=\"https:\/\/drive.google.com\/open?id=1-BamMrRi9nZXNRqRp8tmU9k8MPIGHM4q\">Clica aqu\u00ed per veure algunes imatges.<\/a><\/p>\n","protected":false},"excerpt":{"rendered":"<p>Els alumnes de tercer de l&#8217;escola han realitzat una activitat per conscienciar sobre la import\u00e0ncia del reciclatge. Els alumnes mitjan\u00e7ant uns brics de llet, uns mecanismes i unes tauletes electr\u00f2niques jugaven a reciclar. Cadasc\u00fa havia d&#8217;encertar les deixalles al seu contenidor tenint en compte els&hellip;  <a href=\"https:\/\/agora.xtec.cat\/escolacampclar\/general\/reutilitzam\/\" title=\"Read Reutilitza&#8217;m!\">Llegeix m\u00e9s\u00bb<\/a><\/p>\n","protected":false},"author":14,"featured_media":1913,"comment_status":"open","ping_status":"closed","sticky":false,"template":"","format":"standard","meta":{"_bbp_topic_count":0,"_bbp_reply_count":0,"_bbp_total_topic_count":0,"_bbp_total_reply_count":0,"_bbp_voice_count":0,"_bbp_anonymous_reply_count":0,"_bbp_topic_count_hidden":0,"_bbp_reply_count_hidden":0,"_bbp_forum_subforum_count":0,"footnotes":""},"categories":[25,1],"tags":[44,268,278],"class_list":["post-1907","post","type-post","status-publish","format-standard","has-post-thumbnail","hentry","category-cicle-mitja","category-general","tag-escola-campclar","tag-reciclatge","tag-reutilitzam"],"post_mailing_queue_ids":[],"_links":{"self":[{"href":"https:\/\/agora.xtec.cat\/escolacampclar\/wp-json\/wp\/v2\/posts\/1907","targetHints":{"allow":["GET"]}}],"collection":[{"href":"https:\/\/agora.xtec.cat\/escolacampclar\/wp-json\/wp\/v2\/posts"}],"about":[{"href":"https:\/\/agora.xtec.cat\/escolacampclar\/wp-json\/wp\/v2\/types\/post"}],"author":[{"embeddable":true,"href":"https:\/\/agora.xtec.cat\/escolacampclar\/wp-json\/wp\/v2\/users\/14"}],"replies":[{"embeddable":true,"href":"https:\/\/agora.xtec.cat\/escolacampclar\/wp-json\/wp\/v2\/comments?post=1907"}],"version-history":[{"count":2,"href":"https:\/\/agora.xtec.cat\/escolacampclar\/wp-json\/wp\/v2\/posts\/1907\/revisions"}],"predecessor-version":[{"id":1914,"href":"https:\/\/agora.xtec.cat\/escolacampclar\/wp-json\/wp\/v2\/posts\/1907\/revisions\/1914"}],"wp:featuredmedia":[{"embeddable":true,"href":"https:\/\/agora.xtec.cat\/escolacampclar\/wp-json\/wp\/v2\/media\/1913"}],"wp:attachment":[{"href":"https:\/\/agora.xtec.cat\/escolacampclar\/wp-json\/wp\/v2\/media?parent=1907"}],"wp:term":[{"taxonomy":"category","embeddable":true,"href":"https:\/\/agora.xtec.cat\/escolacampclar\/wp-json\/wp\/v2\/categories?post=1907"},{"taxonomy":"post_tag","embeddable":true,"href":"https:\/\/agora.xtec.cat\/escolacampclar\/wp-json\/wp\/v2\/tags?post=1907"}],"curies":[{"name":"wp","href":"https:\/\/api.w.org\/{rel}","templated":true}]}}