{"id":1888,"date":"2018-03-15T16:27:43","date_gmt":"2018-03-15T15:27:43","guid":{"rendered":"http:\/\/agora.xtec.cat\/escolacampclar\/?p=1888"},"modified":"2018-03-15T16:27:43","modified_gmt":"2018-03-15T15:27:43","slug":"dispositius-mobils-al-projecte-el-pas-del-temps","status":"publish","type":"post","link":"https:\/\/agora.xtec.cat\/escolacampclar\/general\/dispositius-mobils-al-projecte-el-pas-del-temps\/","title":{"rendered":"Dispositius m\u00f2bils al Projecte El pas del temps"},"content":{"rendered":"<p>Des de fa uns anys, i gr\u00e0cies als Ajunts Pont convocats per l&#8217;ICE i la URV, l&#8217;\u00fas dels\u00a0dispositius m\u00f2bils per millorar la compet\u00e8ncia comunicativa va obrint-se cam\u00ed en el dia a dia de les nostres aules.<\/p>\n<p>Un exemple clar \u00e9s la utilitzaci\u00f3 de les tauletes en la creaci\u00f3 de produccions en el marc del Projecte <em>El pas del temps,\u00a0<\/em>que s&#8217;ha dut a terme a l&#8217;escola durant aquest segon trimestre. Aix\u00ed, els espais del centre s&#8217;han enriquit amb codis QR, realitat augmentada i s&#8217;han fet servir Apps d&#8217;edici\u00f3 de v\u00eddeo i d&#8217;efecte croma.<\/p>\n<p>En aquest article us volem mostrar un petit recull d&#8217;aquestes activitats.<\/p>\n<p><a href=\"https:\/\/drive.google.com\/drive\/folders\/1V_otucds_59BV-NeuGSy32TmEYcElJKm?usp=sharing\">Dispositius m\u00f2bils al Projecte <em>El pas del temps<\/em>.<\/a><\/p>\n<p>&nbsp;<\/p>\n","protected":false},"excerpt":{"rendered":"<p>Des de fa uns anys, i gr\u00e0cies als Ajunts Pont convocats per l&#8217;ICE i la URV, l&#8217;\u00fas dels\u00a0dispositius m\u00f2bils per millorar la compet\u00e8ncia comunicativa va obrint-se cam\u00ed en el dia a dia de les nostres aules.<br \/>\nUn exemple clar \u00e9s la utilitzaci\u00f3 de les tauletes en&hellip;  <a href=\"https:\/\/agora.xtec.cat\/escolacampclar\/general\/dispositius-mobils-al-projecte-el-pas-del-temps\/\" title=\"Read Dispositius m\u00f2bils al Projecte El pas del temps\">Llegeix m\u00e9s\u00bb<\/a><\/p>\n","protected":false},"author":14,"featured_media":1905,"comment_status":"open","ping_status":"closed","sticky":false,"template":"","format":"standard","meta":{"_bbp_topic_count":0,"_bbp_reply_count":0,"_bbp_total_topic_count":0,"_bbp_total_reply_count":0,"_bbp_voice_count":0,"_bbp_anonymous_reply_count":0,"_bbp_topic_count_hidden":0,"_bbp_reply_count_hidden":0,"_bbp_forum_subforum_count":0,"footnotes":""},"categories":[1],"tags":[277,240,147,137],"class_list":["post-1888","post","type-post","status-publish","format-standard","has-post-thumbnail","hentry","category-general","tag-competencia-comunicativa","tag-creativitat","tag-dispositius-mobils","tag-tac"],"post_mailing_queue_ids":[],"_links":{"self":[{"href":"https:\/\/agora.xtec.cat\/escolacampclar\/wp-json\/wp\/v2\/posts\/1888","targetHints":{"allow":["GET"]}}],"collection":[{"href":"https:\/\/agora.xtec.cat\/escolacampclar\/wp-json\/wp\/v2\/posts"}],"about":[{"href":"https:\/\/agora.xtec.cat\/escolacampclar\/wp-json\/wp\/v2\/types\/post"}],"author":[{"embeddable":true,"href":"https:\/\/agora.xtec.cat\/escolacampclar\/wp-json\/wp\/v2\/users\/14"}],"replies":[{"embeddable":true,"href":"https:\/\/agora.xtec.cat\/escolacampclar\/wp-json\/wp\/v2\/comments?post=1888"}],"version-history":[{"count":2,"href":"https:\/\/agora.xtec.cat\/escolacampclar\/wp-json\/wp\/v2\/posts\/1888\/revisions"}],"predecessor-version":[{"id":1906,"href":"https:\/\/agora.xtec.cat\/escolacampclar\/wp-json\/wp\/v2\/posts\/1888\/revisions\/1906"}],"wp:featuredmedia":[{"embeddable":true,"href":"https:\/\/agora.xtec.cat\/escolacampclar\/wp-json\/wp\/v2\/media\/1905"}],"wp:attachment":[{"href":"https:\/\/agora.xtec.cat\/escolacampclar\/wp-json\/wp\/v2\/media?parent=1888"}],"wp:term":[{"taxonomy":"category","embeddable":true,"href":"https:\/\/agora.xtec.cat\/escolacampclar\/wp-json\/wp\/v2\/categories?post=1888"},{"taxonomy":"post_tag","embeddable":true,"href":"https:\/\/agora.xtec.cat\/escolacampclar\/wp-json\/wp\/v2\/tags?post=1888"}],"curies":[{"name":"wp","href":"https:\/\/api.w.org\/{rel}","templated":true}]}}