{"id":1871,"date":"2018-03-13T11:57:48","date_gmt":"2018-03-13T10:57:48","guid":{"rendered":"http:\/\/agora.xtec.cat\/escolacampclar\/?p=1871"},"modified":"2018-03-13T12:58:36","modified_gmt":"2018-03-13T11:58:36","slug":"ledat-moderna","status":"publish","type":"post","link":"https:\/\/agora.xtec.cat\/escolacampclar\/general\/ledat-moderna\/","title":{"rendered":"L&#8217;Edat Moderna"},"content":{"rendered":"<p><span style=\"font-weight: 400;\">Els alumnes de 5\u00e8, dins del projecte LA L\u00cdNIA DEL TEMPS, on participa tota l\u2019escola, hem fet un projecte sobre l\u2019Edat Moderna<\/span><span style=\"font-weight: 400;\">;<\/span><\/p>\n<p><span style=\"font-weight: 400;\">el per\u00edode que va des del 1492, any del descobriment d\u2019Am\u00e8rica, fins la Revoluci\u00f3 Francesa, l\u2019any 1789.<\/span><\/p>\n<p><span style=\"font-weight: 400;\">S\u00f3n tres segles de gran canvis pol\u00edtics, econ\u00f2mics i socials. Es produeixen molts aven\u00e7os t\u00e8cnics i cient\u00edfics. S\u2019amplia el m\u00f3n conegut, amb grans descobriments i sobretot es produeixen canvis culturals ( humanisme)on sorgeix el renaixement de la cultura cl\u00e0ssica i la preocupaci\u00f3 per l\u2019\u00e8sser hum\u00e0.<\/span><\/p>\n<p><span style=\"font-weight: 400;\">Hem apr\u00e8s moltes coses i ho hem plasmat en: cartolines, decoraci\u00f3 dels passadissos, powers point, codis qr amb les nostres exposicions. Ens hem dibuixat com si fossin la Gioconda de Leonardo Da Vinci. Hem elaborat un joc de memori amb \u00e0ngles. Tamb\u00e9 hem dissenyat entrevistes a d\u2019altres cicles per saber que estaven investigant i treballant.<\/span><\/p>\n<p><span style=\"font-weight: 400;\">Tota aquesta feina, l\u2019hem exposat als companys m\u00e9s petits, de 1r, i ells tamb\u00e9 ens han explicat, moltes coses dels Romans. Tamb\u00e9 hem fet invitacions per als nostres pares que vindran a veure tot el que hem fet.<\/span><\/p>\n<p><span style=\"font-weight: 400;\">A continuaci\u00f3 un posem unes fotos i els v\u00eddeos de les exposicions per a qu\u00e8 podeu gaudir de tot el que hem fet.<\/span><\/p>\n<p style=\"text-align: center;\"><a href=\"https:\/\/drive.google.com\/open?id=1mlBKG7Ty_4fu7xiYt4GN7xww0EDpD_tr\"><span style=\"font-weight: 400;\">FOTOS I V\u00cdDEOS<\/span><\/a><\/p>\n<p style=\"text-align: center;\"><a href=\"https:\/\/drive.google.com\/open?id=1mlBKG7Ty_4fu7xiYt4GN7xww0EDpD_tr\"><span style=\"font-weight: 400;\"><img loading=\"lazy\" decoding=\"async\" class=\"alignnone size-large\" src=\"https:\/\/lh5.googleusercontent.com\/-o0qkWqQ5VdzKZrSX0h-IFFpUwEllf6yMR6zznnYqeSFbs3qgOck16TQbPIJ64wZUPchxFGpGMd3cEnUORmi=w1366-h613-rw\" width=\"613\" height=\"613\" \/><\/span><\/a><\/p>\n","protected":false},"excerpt":{"rendered":"<p>Els alumnes de 5\u00e8, dins del projecte LA L\u00cdNIA DEL TEMPS, on participa tota l\u2019escola, hem fet un projecte sobre l\u2019Edat Moderna;<br \/>\nel per\u00edode que va des del 1492, any del descobriment d\u2019Am\u00e8rica, fins la Revoluci\u00f3 Francesa, l\u2019any 1789.<br \/>\nS\u00f3n tres segles de gran canvis pol\u00edtics, econ\u00f2mics&hellip;  <a href=\"https:\/\/agora.xtec.cat\/escolacampclar\/general\/ledat-moderna\/\" title=\"Read L&#8217;Edat Moderna\">Llegeix m\u00e9s\u00bb<\/a><\/p>\n","protected":false},"author":14,"featured_media":1891,"comment_status":"open","ping_status":"closed","sticky":false,"template":"","format":"standard","meta":{"_bbp_topic_count":0,"_bbp_reply_count":0,"_bbp_total_topic_count":0,"_bbp_total_reply_count":0,"_bbp_voice_count":0,"_bbp_anonymous_reply_count":0,"_bbp_topic_count_hidden":0,"_bbp_reply_count_hidden":0,"_bbp_forum_subforum_count":0,"footnotes":""},"categories":[26,1],"tags":[63,276,44,275,87],"class_list":["post-1871","post","type-post","status-publish","format-standard","has-post-thumbnail","hentry","category-cicle-superior","category-general","tag-cicle-superior","tag-edat-moderna","tag-escola-campclar","tag-la-linia-del-temps","tag-projecte"],"post_mailing_queue_ids":[],"_links":{"self":[{"href":"https:\/\/agora.xtec.cat\/escolacampclar\/wp-json\/wp\/v2\/posts\/1871","targetHints":{"allow":["GET"]}}],"collection":[{"href":"https:\/\/agora.xtec.cat\/escolacampclar\/wp-json\/wp\/v2\/posts"}],"about":[{"href":"https:\/\/agora.xtec.cat\/escolacampclar\/wp-json\/wp\/v2\/types\/post"}],"author":[{"embeddable":true,"href":"https:\/\/agora.xtec.cat\/escolacampclar\/wp-json\/wp\/v2\/users\/14"}],"replies":[{"embeddable":true,"href":"https:\/\/agora.xtec.cat\/escolacampclar\/wp-json\/wp\/v2\/comments?post=1871"}],"version-history":[{"count":3,"href":"https:\/\/agora.xtec.cat\/escolacampclar\/wp-json\/wp\/v2\/posts\/1871\/revisions"}],"predecessor-version":[{"id":1890,"href":"https:\/\/agora.xtec.cat\/escolacampclar\/wp-json\/wp\/v2\/posts\/1871\/revisions\/1890"}],"wp:featuredmedia":[{"embeddable":true,"href":"https:\/\/agora.xtec.cat\/escolacampclar\/wp-json\/wp\/v2\/media\/1891"}],"wp:attachment":[{"href":"https:\/\/agora.xtec.cat\/escolacampclar\/wp-json\/wp\/v2\/media?parent=1871"}],"wp:term":[{"taxonomy":"category","embeddable":true,"href":"https:\/\/agora.xtec.cat\/escolacampclar\/wp-json\/wp\/v2\/categories?post=1871"},{"taxonomy":"post_tag","embeddable":true,"href":"https:\/\/agora.xtec.cat\/escolacampclar\/wp-json\/wp\/v2\/tags?post=1871"}],"curies":[{"name":"wp","href":"https:\/\/api.w.org\/{rel}","templated":true}]}}