{"id":1865,"date":"2018-03-06T12:18:17","date_gmt":"2018-03-06T11:18:17","guid":{"rendered":"http:\/\/agora.xtec.cat\/escolacampclar\/?p=1865"},"modified":"2018-03-06T12:19:17","modified_gmt":"2018-03-06T11:19:17","slug":"taller-de-reciclatge","status":"publish","type":"post","link":"https:\/\/agora.xtec.cat\/escolacampclar\/general\/taller-de-reciclatge\/","title":{"rendered":"Taller de reciclatge"},"content":{"rendered":"<p>Avui a cicle inicial hem fet un taller sobre el RECICLATGE.<\/p>\n<p>Hem treballar\u00a0els diferents contenidors i hem recordat on va cada residu. A trav\u00e9s del joc hem ent\u00e8s que \u00e9s molt important\u00a0fer un bon reciclatge, tan per al medi ambient com per a nosaltres, per viure en un m\u00f3n m\u00e9s net, en definitiva, \u00a0per a viure en un m\u00f3n millor.\u00a0Un taller interessant i profit\u00f3s!<\/p>\n","protected":false},"excerpt":{"rendered":"<p>Avui a cicle inicial hem fet un taller sobre el RECICLATGE.<br \/>\nHem treballar\u00a0els diferents contenidors i hem recordat on va cada residu. A trav\u00e9s del joc hem ent\u00e8s que \u00e9s molt important\u00a0fer un bon reciclatge, tan per al medi ambient com per a nosaltres, per viure&hellip;  <a href=\"https:\/\/agora.xtec.cat\/escolacampclar\/general\/taller-de-reciclatge\/\" title=\"Read Taller de reciclatge\">Llegeix m\u00e9s\u00bb<\/a><\/p>\n","protected":false},"author":15,"featured_media":1867,"comment_status":"open","ping_status":"closed","sticky":false,"template":"","format":"standard","meta":{"_bbp_topic_count":0,"_bbp_reply_count":0,"_bbp_total_topic_count":0,"_bbp_total_reply_count":0,"_bbp_voice_count":0,"_bbp_anonymous_reply_count":0,"_bbp_topic_count_hidden":0,"_bbp_reply_count_hidden":0,"_bbp_forum_subforum_count":0,"footnotes":""},"categories":[24,1],"tags":[34,36,268,181],"class_list":["post-1865","post","type-post","status-publish","format-standard","has-post-thumbnail","hentry","category-cicle-inicial","category-general","tag-campclar","tag-cicle-inicial","tag-reciclatge","tag-taller"],"post_mailing_queue_ids":[],"_links":{"self":[{"href":"https:\/\/agora.xtec.cat\/escolacampclar\/wp-json\/wp\/v2\/posts\/1865","targetHints":{"allow":["GET"]}}],"collection":[{"href":"https:\/\/agora.xtec.cat\/escolacampclar\/wp-json\/wp\/v2\/posts"}],"about":[{"href":"https:\/\/agora.xtec.cat\/escolacampclar\/wp-json\/wp\/v2\/types\/post"}],"author":[{"embeddable":true,"href":"https:\/\/agora.xtec.cat\/escolacampclar\/wp-json\/wp\/v2\/users\/15"}],"replies":[{"embeddable":true,"href":"https:\/\/agora.xtec.cat\/escolacampclar\/wp-json\/wp\/v2\/comments?post=1865"}],"version-history":[{"count":2,"href":"https:\/\/agora.xtec.cat\/escolacampclar\/wp-json\/wp\/v2\/posts\/1865\/revisions"}],"predecessor-version":[{"id":1869,"href":"https:\/\/agora.xtec.cat\/escolacampclar\/wp-json\/wp\/v2\/posts\/1865\/revisions\/1869"}],"wp:featuredmedia":[{"embeddable":true,"href":"https:\/\/agora.xtec.cat\/escolacampclar\/wp-json\/wp\/v2\/media\/1867"}],"wp:attachment":[{"href":"https:\/\/agora.xtec.cat\/escolacampclar\/wp-json\/wp\/v2\/media?parent=1865"}],"wp:term":[{"taxonomy":"category","embeddable":true,"href":"https:\/\/agora.xtec.cat\/escolacampclar\/wp-json\/wp\/v2\/categories?post=1865"},{"taxonomy":"post_tag","embeddable":true,"href":"https:\/\/agora.xtec.cat\/escolacampclar\/wp-json\/wp\/v2\/tags?post=1865"}],"curies":[{"name":"wp","href":"https:\/\/api.w.org\/{rel}","templated":true}]}}