{"id":1862,"date":"2018-03-08T09:01:36","date_gmt":"2018-03-08T08:01:36","guid":{"rendered":"http:\/\/agora.xtec.cat\/escolacampclar\/?p=1862"},"modified":"2018-03-13T12:58:25","modified_gmt":"2018-03-13T11:58:25","slug":"la-edat-contemporania","status":"publish","type":"post","link":"https:\/\/agora.xtec.cat\/escolacampclar\/general\/la-edat-contemporania\/","title":{"rendered":"L&#8217;Edat contempor\u00e0nia"},"content":{"rendered":"<p><a href=\"http:\/\/agora.xtec.cat\/escolacampclar\/wp-content\/uploads\/usu687\/2018\/03\/20180227_131349.jpg\"><img loading=\"lazy\" decoding=\"async\" class=\"alignnone size-large wp-image-1864\" src=\"http:\/\/agora.xtec.cat\/escolacampclar\/wp-content\/uploads\/usu687\/2018\/03\/20180227_131349-1024x576.jpg\" alt=\"\" width=\"1024\" height=\"576\" srcset=\"https:\/\/agora.xtec.cat\/escolacampclar\/wp-content\/uploads\/usu687\/2018\/03\/20180227_131349.jpg 1024w, https:\/\/agora.xtec.cat\/escolacampclar\/wp-content\/uploads\/usu687\/2018\/03\/20180227_131349-300x169.jpg 300w, https:\/\/agora.xtec.cat\/escolacampclar\/wp-content\/uploads\/usu687\/2018\/03\/20180227_131349-768x432.jpg 768w\" sizes=\"auto, (max-width: 1024px) 100vw, 1024px\" \/><\/a><\/p>\n<p>Recentment a sis\u00e8 hem acabat el projecte interdisciplinari &#8220;La l\u00ednia del temps&#8221;. Nosaltres hem estat treballat la edat contempor\u00e0nia i hem pogut aprendre molt\u00edssimes coses noves i interessants.<\/p>\n<p>Hem pogut investigar de manera m\u00e9s exhaustiva els interessants invents i descobriments que actualment formen part de la nostra vida q\u00fcotidiana per\u00f2 que, en algun moment, van ser fantasia.<\/p>\n<p><a href=\"https:\/\/drive.google.com\/open?id=12h8hn5CAJs0gtW0n3j46wiHVcRRP3AVZ\" target=\"_blank\" rel=\"noopener noreferrer\"><strong>Aqu\u00ed<\/strong><\/a> teniu algunes de les fotografies amb les exposicions i m\u00e9s.<\/p>\n","protected":false},"excerpt":{"rendered":"<p><a href=\"http:\/\/agora.xtec.cat\/escolacampclar\/wp-content\/uploads\/usu687\/2018\/03\/20180227_131349.jpg\"><\/a><br \/>\nRecentment a sis\u00e8 hem acabat el projecte interdisciplinari &#8220;La l\u00ednia del temps&#8221;. Nosaltres hem estat treballat la edat contempor\u00e0nia i hem pogut aprendre molt\u00edssimes coses noves i interessants.<br \/>\nHem pogut investigar de manera m\u00e9s exhaustiva els interessants invents i descobriments que actualment formen part de&hellip;  <a href=\"https:\/\/agora.xtec.cat\/escolacampclar\/general\/la-edat-contemporania\/\" title=\"Read L&#8217;Edat contempor\u00e0nia\">Llegeix m\u00e9s\u00bb<\/a><\/p>\n","protected":false},"author":14,"featured_media":1864,"comment_status":"open","ping_status":"closed","sticky":false,"template":"","format":"standard","meta":{"_bbp_topic_count":0,"_bbp_reply_count":0,"_bbp_total_topic_count":0,"_bbp_total_reply_count":0,"_bbp_voice_count":0,"_bbp_anonymous_reply_count":0,"_bbp_topic_count_hidden":0,"_bbp_reply_count_hidden":0,"_bbp_forum_subforum_count":0,"footnotes":""},"categories":[26,1],"tags":[63,274,44,275,87],"class_list":["post-1862","post","type-post","status-publish","format-standard","has-post-thumbnail","hentry","category-cicle-superior","category-general","tag-cicle-superior","tag-edat-contemporania","tag-escola-campclar","tag-la-linia-del-temps","tag-projecte"],"post_mailing_queue_ids":[],"_links":{"self":[{"href":"https:\/\/agora.xtec.cat\/escolacampclar\/wp-json\/wp\/v2\/posts\/1862","targetHints":{"allow":["GET"]}}],"collection":[{"href":"https:\/\/agora.xtec.cat\/escolacampclar\/wp-json\/wp\/v2\/posts"}],"about":[{"href":"https:\/\/agora.xtec.cat\/escolacampclar\/wp-json\/wp\/v2\/types\/post"}],"author":[{"embeddable":true,"href":"https:\/\/agora.xtec.cat\/escolacampclar\/wp-json\/wp\/v2\/users\/14"}],"replies":[{"embeddable":true,"href":"https:\/\/agora.xtec.cat\/escolacampclar\/wp-json\/wp\/v2\/comments?post=1862"}],"version-history":[{"count":3,"href":"https:\/\/agora.xtec.cat\/escolacampclar\/wp-json\/wp\/v2\/posts\/1862\/revisions"}],"predecessor-version":[{"id":1883,"href":"https:\/\/agora.xtec.cat\/escolacampclar\/wp-json\/wp\/v2\/posts\/1862\/revisions\/1883"}],"wp:featuredmedia":[{"embeddable":true,"href":"https:\/\/agora.xtec.cat\/escolacampclar\/wp-json\/wp\/v2\/media\/1864"}],"wp:attachment":[{"href":"https:\/\/agora.xtec.cat\/escolacampclar\/wp-json\/wp\/v2\/media?parent=1862"}],"wp:term":[{"taxonomy":"category","embeddable":true,"href":"https:\/\/agora.xtec.cat\/escolacampclar\/wp-json\/wp\/v2\/categories?post=1862"},{"taxonomy":"post_tag","embeddable":true,"href":"https:\/\/agora.xtec.cat\/escolacampclar\/wp-json\/wp\/v2\/tags?post=1862"}],"curies":[{"name":"wp","href":"https:\/\/api.w.org\/{rel}","templated":true}]}}