{"id":1855,"date":"2018-02-27T12:16:14","date_gmt":"2018-02-27T11:16:14","guid":{"rendered":"http:\/\/agora.xtec.cat\/escolacampclar\/?p=1855"},"modified":"2018-02-27T13:20:00","modified_gmt":"2018-02-27T12:20:00","slug":"jornades-esportives","status":"publish","type":"post","link":"https:\/\/agora.xtec.cat\/escolacampclar\/general\/jornades-esportives\/","title":{"rendered":"Jornades Esportives"},"content":{"rendered":"<p><a href=\"http:\/\/agora.xtec.cat\/escolacampclar\/wp-content\/uploads\/usu687\/2018\/02\/IMG-20180227-WA0013-2.jpg\"><img loading=\"lazy\" decoding=\"async\" class=\"alignnone size-large wp-image-1856\" src=\"http:\/\/agora.xtec.cat\/escolacampclar\/wp-content\/uploads\/usu687\/2018\/02\/IMG-20180227-WA0013-2-1024x408.jpg\" alt=\"\" width=\"1024\" height=\"408\" srcset=\"https:\/\/agora.xtec.cat\/escolacampclar\/wp-content\/uploads\/usu687\/2018\/02\/IMG-20180227-WA0013-2-1024x408.jpg 1024w, https:\/\/agora.xtec.cat\/escolacampclar\/wp-content\/uploads\/usu687\/2018\/02\/IMG-20180227-WA0013-2-300x120.jpg 300w, https:\/\/agora.xtec.cat\/escolacampclar\/wp-content\/uploads\/usu687\/2018\/02\/IMG-20180227-WA0013-2-768x306.jpg 768w, https:\/\/agora.xtec.cat\/escolacampclar\/wp-content\/uploads\/usu687\/2018\/02\/IMG-20180227-WA0013-2.jpg 1600w\" sizes=\"auto, (max-width: 1024px) 100vw, 1024px\" \/><\/a><\/p>\n<p>&nbsp;<\/p>\n<p>El dia 23 de febrer els i les alumnes de 6\u00e8 vam assistir a les jornades esportives que es van donar lloc a l&#8217;Anella Ol\u00edmpia, a Capclar. All\u00ed es van concentrar totes les escoles de Ponent i vam poder gaudir d&#8217;una jornada d&#8217;esports plena d&#8217;activitat f\u00edsica i treball en equip.<\/p>\n<p>En <a href=\"https:\/\/drive.google.com\/open?id=178Av0WrOcXr7lMNF2fjTVcUfusGzztqs\">aquest enlla\u00e7<\/a> trobareu totes les fotografies que es van fer.<\/p>\n","protected":false},"excerpt":{"rendered":"<p><a href=\"http:\/\/agora.xtec.cat\/escolacampclar\/wp-content\/uploads\/usu687\/2018\/02\/IMG-20180227-WA0013-2.jpg\"><\/a><br \/>\n&nbsp;<br \/>\nEl dia 23 de febrer els i les alumnes de 6\u00e8 vam assistir a les jornades esportives que es van donar lloc a l&#8217;Anella Ol\u00edmpia, a Capclar. All\u00ed es van concentrar totes les escoles de Ponent i vam poder gaudir d&#8217;una jornada d&#8217;esports plena&hellip;  <a href=\"https:\/\/agora.xtec.cat\/escolacampclar\/general\/jornades-esportives\/\" title=\"Read Jornades Esportives\">Llegeix m\u00e9s\u00bb<\/a><\/p>\n","protected":false},"author":14,"featured_media":1856,"comment_status":"open","ping_status":"closed","sticky":false,"template":"","format":"standard","meta":{"_bbp_topic_count":0,"_bbp_reply_count":0,"_bbp_total_topic_count":0,"_bbp_total_reply_count":0,"_bbp_voice_count":0,"_bbp_anonymous_reply_count":0,"_bbp_topic_count_hidden":0,"_bbp_reply_count_hidden":0,"_bbp_forum_subforum_count":0,"footnotes":""},"categories":[26,1],"tags":[267,44,266],"class_list":["post-1855","post","type-post","status-publish","format-standard","has-post-thumbnail","hentry","category-cicle-superior","category-general","tag-anella-olimpica","tag-escola-campclar","tag-jornades-esportives"],"post_mailing_queue_ids":[],"_links":{"self":[{"href":"https:\/\/agora.xtec.cat\/escolacampclar\/wp-json\/wp\/v2\/posts\/1855","targetHints":{"allow":["GET"]}}],"collection":[{"href":"https:\/\/agora.xtec.cat\/escolacampclar\/wp-json\/wp\/v2\/posts"}],"about":[{"href":"https:\/\/agora.xtec.cat\/escolacampclar\/wp-json\/wp\/v2\/types\/post"}],"author":[{"embeddable":true,"href":"https:\/\/agora.xtec.cat\/escolacampclar\/wp-json\/wp\/v2\/users\/14"}],"replies":[{"embeddable":true,"href":"https:\/\/agora.xtec.cat\/escolacampclar\/wp-json\/wp\/v2\/comments?post=1855"}],"version-history":[{"count":3,"href":"https:\/\/agora.xtec.cat\/escolacampclar\/wp-json\/wp\/v2\/posts\/1855\/revisions"}],"predecessor-version":[{"id":1859,"href":"https:\/\/agora.xtec.cat\/escolacampclar\/wp-json\/wp\/v2\/posts\/1855\/revisions\/1859"}],"wp:featuredmedia":[{"embeddable":true,"href":"https:\/\/agora.xtec.cat\/escolacampclar\/wp-json\/wp\/v2\/media\/1856"}],"wp:attachment":[{"href":"https:\/\/agora.xtec.cat\/escolacampclar\/wp-json\/wp\/v2\/media?parent=1855"}],"wp:term":[{"taxonomy":"category","embeddable":true,"href":"https:\/\/agora.xtec.cat\/escolacampclar\/wp-json\/wp\/v2\/categories?post=1855"},{"taxonomy":"post_tag","embeddable":true,"href":"https:\/\/agora.xtec.cat\/escolacampclar\/wp-json\/wp\/v2\/tags?post=1855"}],"curies":[{"name":"wp","href":"https:\/\/api.w.org\/{rel}","templated":true}]}}