{"id":1843,"date":"2018-02-21T11:04:38","date_gmt":"2018-02-21T10:04:38","guid":{"rendered":"http:\/\/agora.xtec.cat\/escolacampclar\/?p=1843"},"modified":"2018-02-21T11:05:27","modified_gmt":"2018-02-21T10:05:27","slug":"lliga-el-conte-i-passal","status":"publish","type":"post","link":"https:\/\/agora.xtec.cat\/escolacampclar\/general\/lliga-el-conte-i-passal\/","title":{"rendered":"Lliga el conte i passa&#8217;l"},"content":{"rendered":"<p>Dins de l&#8217;activitat de lliga el conte i passa&#8217;l que fem conjuntament amb la biblioteca del centre c\u00edvic de Torreforta vam assistir a la representaci\u00f3 del conte &#8220;El somriure de la Daniela&#8221;. Ens va agradar molt l&#8217;activitat, l&#8217;Agust\u00ed Farr\u00e9 \u00e9s un crac i la seva guitarra ens va fer volar com el cor de la Daniela i el seu somriure!<\/p>\n<p>Els alumnes d&#8217;infantil no tenim cap dubte, vam marxar cap a l&#8217;escola amb un gran SOMRIURE!<\/p>\n<p><a href=\"https:\/\/drive.google.com\/open?id=1P4rohubVC2CWIt3Kn9JX9jIKDLA4W9vX\">Aqui podeu veure algunes imatges.<\/a><\/p>\n","protected":false},"excerpt":{"rendered":"<p>Dins de l&#8217;activitat de lliga el conte i passa&#8217;l que fem conjuntament amb la biblioteca del centre c\u00edvic de Torreforta vam assistir a la representaci\u00f3 del conte &#8220;El somriure de la Daniela&#8221;. Ens va agradar molt l&#8217;activitat, l&#8217;Agust\u00ed Farr\u00e9 \u00e9s un crac i la seva&hellip;  <a href=\"https:\/\/agora.xtec.cat\/escolacampclar\/general\/lliga-el-conte-i-passal\/\" title=\"Read Lliga el conte i passa&#8217;l\">Llegeix m\u00e9s\u00bb<\/a><\/p>\n","protected":false},"author":14,"featured_media":1844,"comment_status":"open","ping_status":"closed","sticky":false,"template":"","format":"standard","meta":{"_bbp_topic_count":0,"_bbp_reply_count":0,"_bbp_total_topic_count":0,"_bbp_total_reply_count":0,"_bbp_voice_count":0,"_bbp_anonymous_reply_count":0,"_bbp_topic_count_hidden":0,"_bbp_reply_count_hidden":0,"_bbp_forum_subforum_count":0,"footnotes":""},"categories":[23,59,1],"tags":[70,189,85],"class_list":["post-1843","post","type-post","status-publish","format-standard","has-post-thumbnail","hentry","category-biblioteca","category-infantil","category-general","tag-centre-civic","tag-centre-civic-de-torreforta","tag-contes"],"post_mailing_queue_ids":[],"_links":{"self":[{"href":"https:\/\/agora.xtec.cat\/escolacampclar\/wp-json\/wp\/v2\/posts\/1843","targetHints":{"allow":["GET"]}}],"collection":[{"href":"https:\/\/agora.xtec.cat\/escolacampclar\/wp-json\/wp\/v2\/posts"}],"about":[{"href":"https:\/\/agora.xtec.cat\/escolacampclar\/wp-json\/wp\/v2\/types\/post"}],"author":[{"embeddable":true,"href":"https:\/\/agora.xtec.cat\/escolacampclar\/wp-json\/wp\/v2\/users\/14"}],"replies":[{"embeddable":true,"href":"https:\/\/agora.xtec.cat\/escolacampclar\/wp-json\/wp\/v2\/comments?post=1843"}],"version-history":[{"count":2,"href":"https:\/\/agora.xtec.cat\/escolacampclar\/wp-json\/wp\/v2\/posts\/1843\/revisions"}],"predecessor-version":[{"id":1846,"href":"https:\/\/agora.xtec.cat\/escolacampclar\/wp-json\/wp\/v2\/posts\/1843\/revisions\/1846"}],"wp:featuredmedia":[{"embeddable":true,"href":"https:\/\/agora.xtec.cat\/escolacampclar\/wp-json\/wp\/v2\/media\/1844"}],"wp:attachment":[{"href":"https:\/\/agora.xtec.cat\/escolacampclar\/wp-json\/wp\/v2\/media?parent=1843"}],"wp:term":[{"taxonomy":"category","embeddable":true,"href":"https:\/\/agora.xtec.cat\/escolacampclar\/wp-json\/wp\/v2\/categories?post=1843"},{"taxonomy":"post_tag","embeddable":true,"href":"https:\/\/agora.xtec.cat\/escolacampclar\/wp-json\/wp\/v2\/tags?post=1843"}],"curies":[{"name":"wp","href":"https:\/\/api.w.org\/{rel}","templated":true}]}}