{"id":1836,"date":"2018-02-18T16:41:26","date_gmt":"2018-02-18T15:41:26","guid":{"rendered":"http:\/\/agora.xtec.cat\/escolacampclar\/?p=1836"},"modified":"2018-02-18T16:41:26","modified_gmt":"2018-02-18T15:41:26","slug":"el-somriure-de-la-daniela","status":"publish","type":"post","link":"https:\/\/agora.xtec.cat\/escolacampclar\/general\/el-somriure-de-la-daniela\/","title":{"rendered":"El somriure de la Daniela"},"content":{"rendered":"<p>El passat dia 14 de febrer, els alumnes de segon vam\u00a0anar a la biblioteca del centre c\u00edvic de Torreforta. A la porta ens esperava l&#8217;Agust\u00ed Farr\u00e9, que acompanyat de la seva guitarra, ens a fer volar de cor en cor amb el somriure de la Daniela.<\/p>\n<p>La <em>hipop\u00f2tama<\/em>, el ximpanz\u00e9, <em>l&#8217;elefanta,\u00a0<\/em>l&#8217;estru\u00e7 i el xacal que van canviar la seva vida trista per una actitud vital i alegre. Tots acaben el conte amb un gran somriure dins del seu cor.<\/p>\n<p>Tots ens vam sentir protagonistes del conte i vam cantar la can\u00e7\u00f3 del somriure.<\/p>\n<p><a href=\"https:\/\/drive.google.com\/open?id=1XJgzVZVGRs30E7Trlxa0muzZw47JQBCr\">Us deixem aqu\u00ed les fotos de la sortida<\/a><\/p>\n","protected":false},"excerpt":{"rendered":"<p>El passat dia 14 de febrer, els alumnes de segon vam\u00a0anar a la biblioteca del centre c\u00edvic de Torreforta. A la porta ens esperava l&#8217;Agust\u00ed Farr\u00e9, que acompanyat de la seva guitarra, ens a fer volar de cor en cor amb el somriure de la&hellip;  <a href=\"https:\/\/agora.xtec.cat\/escolacampclar\/general\/el-somriure-de-la-daniela\/\" title=\"Read El somriure de la Daniela\">Llegeix m\u00e9s\u00bb<\/a><\/p>\n","protected":false},"author":15,"featured_media":1837,"comment_status":"open","ping_status":"closed","sticky":false,"template":"","format":"standard","meta":{"_bbp_topic_count":0,"_bbp_reply_count":0,"_bbp_total_topic_count":0,"_bbp_total_reply_count":0,"_bbp_voice_count":0,"_bbp_anonymous_reply_count":0,"_bbp_topic_count_hidden":0,"_bbp_reply_count_hidden":0,"_bbp_forum_subforum_count":0,"footnotes":""},"categories":[23,24,1],"tags":[60,36,44],"class_list":["post-1836","post","type-post","status-publish","format-standard","has-post-thumbnail","hentry","category-biblioteca","category-cicle-inicial","category-general","tag-biblioteca-viva","tag-cicle-inicial","tag-escola-campclar"],"post_mailing_queue_ids":[],"_links":{"self":[{"href":"https:\/\/agora.xtec.cat\/escolacampclar\/wp-json\/wp\/v2\/posts\/1836","targetHints":{"allow":["GET"]}}],"collection":[{"href":"https:\/\/agora.xtec.cat\/escolacampclar\/wp-json\/wp\/v2\/posts"}],"about":[{"href":"https:\/\/agora.xtec.cat\/escolacampclar\/wp-json\/wp\/v2\/types\/post"}],"author":[{"embeddable":true,"href":"https:\/\/agora.xtec.cat\/escolacampclar\/wp-json\/wp\/v2\/users\/15"}],"replies":[{"embeddable":true,"href":"https:\/\/agora.xtec.cat\/escolacampclar\/wp-json\/wp\/v2\/comments?post=1836"}],"version-history":[{"count":1,"href":"https:\/\/agora.xtec.cat\/escolacampclar\/wp-json\/wp\/v2\/posts\/1836\/revisions"}],"predecessor-version":[{"id":1838,"href":"https:\/\/agora.xtec.cat\/escolacampclar\/wp-json\/wp\/v2\/posts\/1836\/revisions\/1838"}],"wp:featuredmedia":[{"embeddable":true,"href":"https:\/\/agora.xtec.cat\/escolacampclar\/wp-json\/wp\/v2\/media\/1837"}],"wp:attachment":[{"href":"https:\/\/agora.xtec.cat\/escolacampclar\/wp-json\/wp\/v2\/media?parent=1836"}],"wp:term":[{"taxonomy":"category","embeddable":true,"href":"https:\/\/agora.xtec.cat\/escolacampclar\/wp-json\/wp\/v2\/categories?post=1836"},{"taxonomy":"post_tag","embeddable":true,"href":"https:\/\/agora.xtec.cat\/escolacampclar\/wp-json\/wp\/v2\/tags?post=1836"}],"curies":[{"name":"wp","href":"https:\/\/api.w.org\/{rel}","templated":true}]}}